{"id":1185,"date":"2026-04-27T20:56:32","date_gmt":"2026-04-27T23:56:32","guid":{"rendered":"https:\/\/jornalaquinoticias.com.br\/?p=1185"},"modified":"2026-04-27T20:56:33","modified_gmt":"2026-04-27T23:56:33","slug":"da-formacao-a-oportunidade-projeto-em-bh-prepara-jovens-para-o-primeiro-emprego","status":"publish","type":"post","link":"https:\/\/jornalaquinoticias.com.br\/index.php\/2026\/04\/27\/da-formacao-a-oportunidade-projeto-em-bh-prepara-jovens-para-o-primeiro-emprego\/","title":{"rendered":"Da forma\u00e7\u00e3o \u00e0 oportunidade: projeto em BH prepara jovens para o primeiro emprego"},"content":{"rendered":"\n<h2 class=\"wp-block-heading\">Com o crescimento da contrata\u00e7\u00e3o de jovens, o Instituto de Forma\u00e7\u00e3o de L\u00edderes investe em lideran\u00e7a e conex\u00e3o com o mercado para adolescentes de comunidades vulner\u00e1veis<\/h2>\n\n\n\n<p>No primeiro semestre de 2025 o Brasil registrou um saldo positivo de 69.878 jovens contratados por meio da aprendizagem profissional. De acordo com o Minist\u00e9rio do Trabalho e Emprego (MTE), o n\u00famero representa um crescimento de 18,6% em rela\u00e7\u00e3o ao mesmo per\u00edodo do ano anterior, quando foram registradas 58.919 admiss\u00f5es.<\/p>\n\n\n\n<p>Em Belo Horizonte, capital mineira, o Instituto de Forma\u00e7\u00e3o de L\u00edderes (IFL) tem atuado fortemente no desenvolvimento de jovens que se preparam para conseguir o primeiro emprego. Por meio do F\u00f3rum L\u00edderes do Futuro, o instituto trabalha o desenvolvimento pessoal de jovens de comunidades de baixa renda, mostrando que melhorar de vida \u00e9 poss\u00edvel e que essa transforma\u00e7\u00e3o depende de cada um.<\/p>\n\n\n\n<p>\u201cPalestras com empreendedores que vieram de realidades semelhantes, workshops pr\u00e1ticos e materiais de forma\u00e7\u00e3o comp\u00f5em uma experi\u00eancia que abre horizontes e desperta o protagonismo&#8221;, afirma Eduardo Reuter, presidente do IFL BH.<\/p>\n\n\n\n<p>O p\u00fablico-alvo s\u00e3o jovens de 15 a 18 anos provenientes de comunidades de baixa renda de Belo Horizonte e regi\u00e3o metropolitana. Esses jovens s\u00e3o recrutados por meio de parcerias com projetos sociais e institui\u00e7\u00f5es que j\u00e1 atuam nessas comunidades. \u201cA faixa et\u00e1ria \u00e9 estrat\u00e9gica: a exposi\u00e7\u00e3o desde cedo a princ\u00edpios de lideran\u00e7a, responsabilidade pessoal e empreendedorismo t\u00eam impacto duradouro na trajet\u00f3ria de vida desses indiv\u00edduos\u201d, detalha Eduardo Reuter.<\/p>\n\n\n\n<p>Em duas edi\u00e7\u00f5es, o F\u00f3rum L\u00edderes do Futuro impactou mais de 500 jovens de comunidades de baixa renda de BH e regi\u00e3o metropolitana, envolvendo 13 projetos sociais parceiros, mais de 1.600 livros doados e centenas de acessos a cursos profissionalizantes.<\/p>\n\n\n\n<p>A jovem Ana Vit\u00f3ria participou do L\u00edderes do Futuro. Para ela, n\u00e3o foi s\u00f3 mais um evento, foi um momento que mudou a forma como pensa hoje. \u201cA experi\u00eancia me fez entender que n\u00e3o preciso esperar o momento perfeito. Posso come\u00e7ar agora, com o que eu tenho. Hoje, me sinto mais focada, intencional e com mais coragem para construir minha pr\u00f3pria trajet\u00f3ria\u201d.<\/p>\n\n\n\n<p>Para 2026, a meta \u00e9 reunir 400 jovens e encaminhar ao menos 40 deles a oportunidades concretas de emprego ou est\u00e1gio nos 90 dias seguintes ao f\u00f3rum. \u201cNeste ano o instituto d\u00e1 mais um passo concreto nessa dire\u00e7\u00e3o: a cria\u00e7\u00e3o de um banco de dados dos participantes, disponibilizado \u00e0 rede de patrocinadores e associados do IFL-BH, conectando esses jovens a oportunidades reais no mercado de trabalho\u201d, relata Eduardo Reuter.<\/p>\n\n\n\n<p>A participa\u00e7\u00e3o no F\u00f3rum L\u00edderes do Futuro se d\u00e1 por meio das institui\u00e7\u00f5es e projetos sociais parceiros do IFL-BH. Os jovens s\u00e3o indicados pelas organiza\u00e7\u00f5es com as quais o Instituto mant\u00e9m parceria, tais como associa\u00e7\u00f5es comunit\u00e1rias e projetos sociais atuantes em Belo Horizonte e regi\u00e3o metropolitana.<\/p>\n\n\n\n<p>De acordo com o, na vis\u00e3o do IFL-BH, os jovens de comunidades vulner\u00e1veis enfrentam um duplo desafio ao buscar o primeiro emprego. O primeiro \u00e9 estrutural: falta de acesso a redes de contato, a refer\u00eancias profissionais e aos meios financeiros para investir em qualifica\u00e7\u00e3o. O segundo \u00e9 de mentalidade: um sistema educacional que frequentemente condena o mercado e o empreendedorismo, combinado com narrativas que refor\u00e7am uma postura passiva diante das pr\u00f3prias circunst\u00e2ncias.<\/p>\n\n\n\n<p>\u201cO IFL-BH acredita que superar esses dois obst\u00e1culos exige mais do que qualifica\u00e7\u00e3o t\u00e9cnica. \u00c9 necess\u00e1rio oferecer ao jovem modelos de refer\u00eancia com quem ele se identifique, ferramentas pr\u00e1ticas de desenvolvimento pessoal e acesso direto a uma rede que o enxergue como talento, e n\u00e3o como benefici\u00e1rio\u201d, finaliza.<\/p>\n","protected":false},"excerpt":{"rendered":"<p>Com o crescimento da contrata\u00e7\u00e3o de jovens, o Instituto de Forma\u00e7\u00e3o de L\u00edderes investe em lideran\u00e7a e conex\u00e3o com o mercado para adolescentes de comunidades vulner\u00e1veis No primeiro semestre de 2025 o Brasil registrou um saldo positivo de 69.878 jovens contratados por meio da aprendizagem profissional. De acordo com o Minist\u00e9rio do Trabalho e Emprego [&hellip;]<\/p>\n","protected":false},"author":3,"featured_media":1186,"comment_status":"open","ping_status":"open","sticky":false,"template":"","format":"standard","meta":{"footnotes":""},"categories":[2,4],"tags":[],"class_list":["post-1185","post","type-post","status-publish","format-standard","has-post-thumbnail","hentry","category-noticias","category-principal"],"_links":{"self":[{"href":"https:\/\/jornalaquinoticias.com.br\/index.php\/wp-json\/wp\/v2\/posts\/1185","targetHints":{"allow":["GET"]}}],"collection":[{"href":"https:\/\/jornalaquinoticias.com.br\/index.php\/wp-json\/wp\/v2\/posts"}],"about":[{"href":"https:\/\/jornalaquinoticias.com.br\/index.php\/wp-json\/wp\/v2\/types\/post"}],"author":[{"embeddable":true,"href":"https:\/\/jornalaquinoticias.com.br\/index.php\/wp-json\/wp\/v2\/users\/3"}],"replies":[{"embeddable":true,"href":"https:\/\/jornalaquinoticias.com.br\/index.php\/wp-json\/wp\/v2\/comments?post=1185"}],"version-history":[{"count":1,"href":"https:\/\/jornalaquinoticias.com.br\/index.php\/wp-json\/wp\/v2\/posts\/1185\/revisions"}],"predecessor-version":[{"id":1187,"href":"https:\/\/jornalaquinoticias.com.br\/index.php\/wp-json\/wp\/v2\/posts\/1185\/revisions\/1187"}],"wp:featuredmedia":[{"embeddable":true,"href":"https:\/\/jornalaquinoticias.com.br\/index.php\/wp-json\/wp\/v2\/media\/1186"}],"wp:attachment":[{"href":"https:\/\/jornalaquinoticias.com.br\/index.php\/wp-json\/wp\/v2\/media?parent=1185"}],"wp:term":[{"taxonomy":"category","embeddable":true,"href":"https:\/\/jornalaquinoticias.com.br\/index.php\/wp-json\/wp\/v2\/categories?post=1185"},{"taxonomy":"post_tag","embeddable":true,"href":"https:\/\/jornalaquinoticias.com.br\/index.php\/wp-json\/wp\/v2\/tags?post=1185"}],"curies":[{"name":"wp","href":"https:\/\/api.w.org\/{rel}","templated":true}]}}