{"id":1188,"date":"2026-04-27T21:10:25","date_gmt":"2026-04-28T00:10:25","guid":{"rendered":"https:\/\/jornalaquinoticias.com.br\/?p=1188"},"modified":"2026-04-27T21:10:27","modified_gmt":"2026-04-28T00:10:27","slug":"dalmoni-lydijusse-estreia-em-sao-paulo-com-exposicao-para-encontrar-minha-pele-na-galeria-arte-aplicada","status":"publish","type":"post","link":"https:\/\/jornalaquinoticias.com.br\/index.php\/2026\/04\/27\/dalmoni-lydijusse-estreia-em-sao-paulo-com-exposicao-para-encontrar-minha-pele-na-galeria-arte-aplicada\/","title":{"rendered":"Dalmoni Lydijusse estreia em S\u00e3o Paulo com exposi\u00e7\u00e3o &#8220;Para Encontrar Minha Pele\u201d na Galeria Arte Aplicada"},"content":{"rendered":"\n<h3 class=\"wp-block-heading\"><em>Mostra, em cartaz at\u00e9 05 de maio na Galeria Arte Aplicada, aparece na agenda da Revista DASartes, uma das principais publica\u00e7\u00f5es especializadas do pa\u00eds<\/em><\/h3>\n\n\n\n<p>A artista visual mineira Dalmoni Lydijusse, nascida em Po\u00e7os de Caldas (MG), apresenta em S\u00e3o Paulo (SP) sua primeira exposi\u00e7\u00e3o individual na capital paulista. Intitulada &#8220;Para Encontrar Minha Pele&#8221;, a mostra ocupa a Galeria Arte Aplicada e segue aberta ao p\u00fablico at\u00e9 05 de maio. A exposi\u00e7\u00e3o tamb\u00e9m ganhou espa\u00e7o na agenda da <a href=\"https:\/\/dasartes.com.br\/agenda\/dalmoni-lydijusse-galeria-arte-aplicada\/\">Revista DASartes,<\/a> uma das principais publica\u00e7\u00f5es especializadas do pa\u00eds.<\/p>\n\n\n\n<p>Com curadoria de Esther Cervini, a mostra re\u00fane pinturas que partem da mem\u00f3ria afetiva do jardim dom\u00e9stico da artista para investigar identidade, pertencimento e os m\u00faltiplos tons da pele. \u201cA obra desenha a paisagem emocional da artista, numa jornada que transfere \u00e0s muitas nuances de cores da pele, inventadas, imaginadas, real\u00edsticas e sonhadas, a capacidade de nos transportar para os outros presentes em n\u00f3s\u201d, afirma a curadora.<\/p>\n\n\n\n<p>Dalmoni conta que sua trajet\u00f3ria na arte foi atravessada por silenciamentos e adiamentos criativos. O impulso para esta nova fase surgiu ap\u00f3s se ver em uma fotografia em preto e branco e perceber nuances de sua pele que, at\u00e9 ent\u00e3o, n\u00e3o reconhecia plenamente em si. A partir dessa experi\u00eancia, passou a revisitar quest\u00f5es ligadas \u00e0 identidade e aos impactos dos padr\u00f5es euroc\u00eantricos ainda presentes na sociedade brasileira. \u201cUm certo tipo de conflito que me silenciava e me mantinha postergando minha voz, em estado de imin\u00eancia por assim dizer, esteve presente em mim por anos&#8230;\u201d, comenta.&nbsp;<\/p>\n\n\n\n<p>Desse processo nasceu a s\u00e9rie Para Encontrar Minha Pele, iniciada em 2024. As obras exploram infinitas varia\u00e7\u00f5es crom\u00e1ticas inspiradas em p\u00e9talas de orqu\u00eddeas, entre pinceladas densas e campos de cor que transitam entre figura\u00e7\u00e3o e abstra\u00e7\u00e3o. Mais do que representar um tema, as pinturas transformam o ato criativo em gesto de reconex\u00e3o consigo mesma e de afirma\u00e7\u00e3o est\u00e9tica.<\/p>\n\n\n\n<p>\u201cDesse processo, surge o desejo de produzir infinitas varia\u00e7\u00f5es de cores de pele, entre pinceladas e massas de tinta numa pintura expressa a partir da observa\u00e7\u00e3o de p\u00e9talas de orqu\u00eddeas, numa escala ficcional. A s\u00e9rie se desdobra em pinturas como atos de constru\u00e7\u00e3o, de encontro com a cor de cores de pele, e de outras formas de desafiar e propor o espa\u00e7o pict\u00f3rico. A representa\u00e7\u00e3o se expande e se abstrai, resultando formas e cores que aprofundam o assunto como um processo de articula\u00e7\u00e3o da linguagem visual, em que o ato criativo ganha pot\u00eancia sem se tornar ilustra\u00e7\u00e3o do assunto\u201d, acrescenta.&nbsp;<\/p>\n\n\n\n<p><strong>Trajet\u00f3ria<\/strong><br>Para Dalmoni, estar na agenda da revista DASartes \u00e9 um marco importante na carreira, por ser um&nbsp; dos principais ve\u00edculos de not\u00edcias do universo da arte no pa\u00eds, a Revista DASartes traz um lugar de cr\u00edtica, agenda e curadoria para os artistas, tornando-se uma das refer\u00eancias mais fortes no setor.&nbsp;<\/p>\n\n\n\n<p>Era 1986, quando deixou Po\u00e7os de Caldas (MG) para estudar em S\u00e3o Paulo desejando sonhar como imaginar esse caminho de se formar artista. Quarenta anos depois, Dalmoni celebra chegar \u00e0 galeria e relembra o tempo de evita\u00e7\u00e3o da pr\u00f3pria arte. Na abertura da exposi\u00e7\u00e3o, cercada por pessoas que acompanharam sua trajet\u00f3ria desde ent\u00e3o, a artista reconhece que o percurso at\u00e9 aqui foi tamb\u00e9m um processo de matura\u00e7\u00e3o. Para ela, mais do que atraso, houve um tempo necess\u00e1rio de germina\u00e7\u00e3o &#8211; de estudo, sil\u00eancio, d\u00favidas e elabora\u00e7\u00e3o interna &#8211; at\u00e9 que sua produ\u00e7\u00e3o encontrasse a for\u00e7a e a urg\u00eancia que agora chegam ao p\u00fablico na exposi\u00e7\u00e3o Para Encontrar Minha Pele. O momento, segundo a artista, representa o florescimento de uma caminhada constru\u00edda com entrega, conflitos, mem\u00f3ria e persist\u00eancia.<\/p>\n\n\n\n<p>\u201cPoder participar disso \u00e9 mais do que uma honra. Estar nessa galeria \u00e9 ocupar um lugar de luz, de possibilidades. Durante muitos anos, dando aulas, aprendi demais com meus alunos e via neles uma espontaneidade que tamb\u00e9m me alimentava, enquanto eu mesma adiava meus pr\u00f3prios processos. Em algum momento entendi que n\u00e3o dava mais para me atrasar e que precisava assumir esse estado de imin\u00eancia criativa, esse desejo de fazer sem saber exatamente onde ele vai dar. Ser acolhida pela galeria me trouxe alegria, mas tamb\u00e9m a pergunta inevit\u00e1vel: e agora? Como seguir pesquisando, criando e me transformando sem me repetir? O que nasce do trabalho eu nunca sei antes, e talvez seja justamente isso que mais me move. Tamb\u00e9m sinto que nada disso aconteceu tarde demais &#8211; talvez eu tenha precisado de todo esse tempo para germinar e chegar at\u00e9 aqui\u201d, completa.&nbsp;<\/p>\n\n\n\n<p>Para Po\u00e7os de Caldas, cidade natal da artista, a exposi\u00e7\u00e3o marca um momento importante: o reconhecimento de uma trajet\u00f3ria autoral que agora alcan\u00e7a um dos principais circuitos de arte do pa\u00eds.<\/p>\n\n\n\n<p><strong>Sobre a galeria Arte Aplicada<\/strong><\/p>\n\n\n\n<p>A Arte Aplicada \u00e9 uma importante galeria de S\u00e3o Paulo, fundada em 1971 por Sabina de Libman. Consagrados artistas do panorama art\u00edstico do Brasil foram apresentados em importantes exposi\u00e7\u00f5es realizadas, destacam-se, Emanoel Ara\u00fajo, em 1976; Guto Lacaz, em 1978; Ant\u00f4nio Gomide, em 1979; Prof. Bardi em \u00fanica exposi\u00e7\u00e3o realizada no Brasil em 1979, e a seguir, Bruno Giorgi, Palatnik, Bez Batti, Marcelo Grassmann. Volpi, Ianelli, Aldir e Weissman, em mostras realizadas pela Arte Aplicada e apresentadas no MASP, no Museu de Arte de Bras\u00edlia e no Museu de Arte Moderna do Rio de Janeiro.<br><\/p>\n\n\n\n<p>A partir dos anos 2.000 Fel\u00edcia Leirner e Giselda Leirner, Angelo Milani, Edla Van Steen, Angelo Milani, Juares Matter, Marco Rey, Mario Tagnini, Nelson Screnci, Sonia Ebling, Dan Fialdini, Leon Ferrari dentre v\u00e1rios outros. A galeria conta com um vasto acervo que inclui desenhos, pinturas, relevos, gravuras, esculturas e fotografias.<\/p>\n\n\n\n<p><strong>Servi\u00e7o<br>Exposi\u00e7\u00e3o:<\/strong> Para Encontrar Minha Pele<br><strong>Artista:<\/strong> Dalmoni Lydijusse<br><strong>Local:<\/strong> Galeria Arte Aplicada<br><strong>Visita\u00e7\u00e3o:<\/strong> at\u00e9 05 de maio das 11h \u00e0s 16h<br><strong>Entrada gratuita<\/strong><\/p>\n","protected":false},"excerpt":{"rendered":"<p>Mostra, em cartaz at\u00e9 05 de maio na Galeria Arte Aplicada, aparece na agenda da Revista DASartes, uma das principais publica\u00e7\u00f5es especializadas do pa\u00eds A artista visual mineira Dalmoni Lydijusse, nascida em Po\u00e7os de Caldas (MG), apresenta em S\u00e3o Paulo (SP) sua primeira exposi\u00e7\u00e3o individual na capital paulista. Intitulada &#8220;Para Encontrar Minha Pele&#8221;, a mostra [&hellip;]<\/p>\n","protected":false},"author":3,"featured_media":1189,"comment_status":"open","ping_status":"open","sticky":false,"template":"","format":"standard","meta":{"footnotes":""},"categories":[5,4],"tags":[],"class_list":["post-1188","post","type-post","status-publish","format-standard","has-post-thumbnail","hentry","category-cidade","category-principal"],"_links":{"self":[{"href":"https:\/\/jornalaquinoticias.com.br\/index.php\/wp-json\/wp\/v2\/posts\/1188","targetHints":{"allow":["GET"]}}],"collection":[{"href":"https:\/\/jornalaquinoticias.com.br\/index.php\/wp-json\/wp\/v2\/posts"}],"about":[{"href":"https:\/\/jornalaquinoticias.com.br\/index.php\/wp-json\/wp\/v2\/types\/post"}],"author":[{"embeddable":true,"href":"https:\/\/jornalaquinoticias.com.br\/index.php\/wp-json\/wp\/v2\/users\/3"}],"replies":[{"embeddable":true,"href":"https:\/\/jornalaquinoticias.com.br\/index.php\/wp-json\/wp\/v2\/comments?post=1188"}],"version-history":[{"count":1,"href":"https:\/\/jornalaquinoticias.com.br\/index.php\/wp-json\/wp\/v2\/posts\/1188\/revisions"}],"predecessor-version":[{"id":1190,"href":"https:\/\/jornalaquinoticias.com.br\/index.php\/wp-json\/wp\/v2\/posts\/1188\/revisions\/1190"}],"wp:featuredmedia":[{"embeddable":true,"href":"https:\/\/jornalaquinoticias.com.br\/index.php\/wp-json\/wp\/v2\/media\/1189"}],"wp:attachment":[{"href":"https:\/\/jornalaquinoticias.com.br\/index.php\/wp-json\/wp\/v2\/media?parent=1188"}],"wp:term":[{"taxonomy":"category","embeddable":true,"href":"https:\/\/jornalaquinoticias.com.br\/index.php\/wp-json\/wp\/v2\/categories?post=1188"},{"taxonomy":"post_tag","embeddable":true,"href":"https:\/\/jornalaquinoticias.com.br\/index.php\/wp-json\/wp\/v2\/tags?post=1188"}],"curies":[{"name":"wp","href":"https:\/\/api.w.org\/{rel}","templated":true}]}}