{"id":1194,"date":"2026-04-27T21:43:36","date_gmt":"2026-04-28T00:43:36","guid":{"rendered":"https:\/\/jornalaquinoticias.com.br\/?p=1194"},"modified":"2026-04-27T21:43:38","modified_gmt":"2026-04-28T00:43:38","slug":"perda-da-visao-avanca-de-forma-silenciosa-no-brasil-alertam-especialistas","status":"publish","type":"post","link":"https:\/\/jornalaquinoticias.com.br\/index.php\/2026\/04\/27\/perda-da-visao-avanca-de-forma-silenciosa-no-brasil-alertam-especialistas\/","title":{"rendered":"Perda da vis\u00e3o avan\u00e7a de forma silenciosa no Brasil, alertam especialistas"},"content":{"rendered":"\n<h2 class=\"wp-block-heading\"><em>Abril Marrom refor\u00e7a a import\u00e2ncia de identificar precocemente doen\u00e7as oculares<\/em><\/h2>\n\n\n\n<p>Perder a vis\u00e3o raramente acontece de forma repentina. Na maioria dos casos, a perda visual \u00e9 silenciosa e progressiva, quase impercept\u00edvel, at\u00e9 comprometer a qualidade de vida das pessoas. Esse \u00e9 o principal alerta do Abril Marrom \u2013 campanha nacional dedicada \u00e0 preven\u00e7\u00e3o, ao diagn\u00f3stico precoce e \u00e0 reabilita\u00e7\u00e3o das doen\u00e7as oculares.<\/p>\n\n\n\n<p>Ao longo de todo o m\u00eas de abril, a iniciativa chama aten\u00e7\u00e3o para um dado que se tornou um alerta: cerca de 80% dos casos de defici\u00eancia visual poderiam ser evitados ou tratados com acompanhamento adequado, segundo a Organiza\u00e7\u00e3o Mundial da Sa\u00fade (OMS). Ainda assim, milh\u00f5es de pessoas convivem com limita\u00e7\u00f5es que poderiam ter sido prevenidas com cuidados b\u00e1sicos.<\/p>\n\n\n\n<p>No mundo, estima-se que mais de 2,2 bilh\u00f5es de pessoas tenham algum grau de defici\u00eancia visual e, pelo menos, 1 bilh\u00e3o desses casos poderiam ter sido evitados ou ainda n\u00e3o foram tratados. No Brasil, dados do Instituto Brasileiro de Geografia e Estat\u00edstica (IBGE) apontam que cerca de 6,5 milh\u00f5es de pessoas vivem com algum tipo de defici\u00eancia visual, incluindo mais de 500 mil cegos.<\/p>\n\n\n\n<p>Para a oftalmologista da Rede Mater Dei das unidades Santo Agostinho e Betim-Contagem, Dra. Ana Clara Rezende, o principal desafio est\u00e1 no fato de que muitas dessas doen\u00e7as n\u00e3o apresentam sintomas nas fases iniciais. \u201cGrande parte das doen\u00e7as oculares evolui silenciosamente. Quando o paciente percebe a perda visual, muitas vezes o quadro j\u00e1 est\u00e1 avan\u00e7ado. Por isso, a consulta de rotina \u00e9 fundamental, mesmo na aus\u00eancia de sinais aparentes\u201d, explica.<\/p>\n\n\n\n<p>Entre as principais causas de cegueira evit\u00e1vel est\u00e3o catarata, glaucoma, retinopatia diab\u00e9tica e degenera\u00e7\u00e3o macular relacionada \u00e0 idade. A especialista destaca que, embora algumas dessas condi\u00e7\u00f5es sejam trat\u00e1veis, o diagn\u00f3stico tardio ainda \u00e9 um obst\u00e1culo recorrente. \u201cA catarata, por exemplo, \u00e9 uma condi\u00e7\u00e3o revers\u00edvel com cirurgia segura e eficaz. Ainda assim, muitos pacientes chegam ao servi\u00e7o de sa\u00fade tardiamente, o que impacta diretamente a qualidade de vida\u201d, afirma.<\/p>\n\n\n\n<p>O glaucoma merece aten\u00e7\u00e3o especial. \u00c9 uma doen\u00e7a que pode levar \u00e0 cegueira irrevers\u00edvel quando n\u00e3o controlada. \u201cTrata-se de uma condi\u00e7\u00e3o geralmente assintom\u00e1tica no in\u00edcio, em que a perda visual come\u00e7a pela periferia e avan\u00e7a progressivamente. N\u00e3o h\u00e1 preven\u00e7\u00e3o, mas o diagn\u00f3stico precoce e o tratamento adequado s\u00e3o essenciais para evitar a progress\u00e3o\u201d, ressalta.<\/p>\n\n\n\n<p>Outro ponto de aten\u00e7\u00e3o \u00e9 a retinopatia diab\u00e9tica, complica\u00e7\u00e3o associada ao diabetes que pode comprometer os vasos sangu\u00edneos da retina. \u201cO controle adequado das doen\u00e7as cr\u00f4nicas \u00e9 uma das principais formas de preservar a vis\u00e3o. Quando h\u00e1 acompanhamento regular, \u00e9 poss\u00edvel detectar altera\u00e7\u00f5es precocemente e evitar danos mais graves\u201d, explica.<\/p>\n\n\n\n<p>A oftalmologista refor\u00e7a que o cuidado com a sa\u00fade ocular deve come\u00e7ar desde os primeiros dias de vida. \u201cO teste do olhinho, realizado ainda na maternidade, \u00e9 essencial para identificar doen\u00e7as graves, como retinoblastoma e catarata cong\u00eanita. Al\u00e9m disso, \u00e9 importante manter o acompanhamento ao longo da inf\u00e2ncia e da vida adulta, especialmente em pessoas com fatores de risco\u201d, orienta.<\/p>\n\n\n\n<p>Al\u00e9m das consultas peri\u00f3dicas, medidas simples fazem diferen\u00e7a na preven\u00e7\u00e3o: evitar a automedica\u00e7\u00e3o, especialmente com col\u00edrios \u00e0 base de corticoides, utilizar \u00f3culos com prote\u00e7\u00e3o ultravioleta, manter uma alimenta\u00e7\u00e3o equilibrada e controlar doen\u00e7as como diabetes e hipertens\u00e3o.<\/p>\n\n\n\n<p>De acordo com a especialista, campanhas como o Abril Marrom t\u00eam papel decisivo na mudan\u00e7a de comportamento da popula\u00e7\u00e3o. \u201cA informa\u00e7\u00e3o \u00e9 uma ferramenta fundamental. Quando as pessoas entendem a import\u00e2ncia do acompanhamento oftalmol\u00f3gico regular, conseguimos reduzir significativamente os casos de cegueira evit\u00e1vel. Cuidar da vis\u00e3o \u00e9 um compromisso para toda a vida\u201d, conclui.<\/p>\n\n\n\n<p>Para informa\u00e7\u00f5es sobre o servi\u00e7o de Oftalmologia da Rede Mater Dei de Sa\u00fade, <a href=\"https:\/\/materdei.com.br\/especialidades\/oftalmologia\"><u>clique aqui<\/u><\/a>. O atendimento de urg\u00eancia presencial funciona no Mater Dei Santo Agostinho e no Ambulat\u00f3rio do Mater Dei Betim-Contagem.<\/p>\n","protected":false},"excerpt":{"rendered":"<p>Abril Marrom refor\u00e7a a import\u00e2ncia de identificar precocemente doen\u00e7as oculares Perder a vis\u00e3o raramente acontece de forma repentina. Na maioria dos casos, a perda visual \u00e9 silenciosa e progressiva, quase impercept\u00edvel, at\u00e9 comprometer a qualidade de vida das pessoas. Esse \u00e9 o principal alerta do Abril Marrom \u2013 campanha nacional dedicada \u00e0 preven\u00e7\u00e3o, ao diagn\u00f3stico [&hellip;]<\/p>\n","protected":false},"author":3,"featured_media":1195,"comment_status":"open","ping_status":"open","sticky":false,"template":"","format":"standard","meta":{"footnotes":""},"categories":[5,4],"tags":[],"class_list":["post-1194","post","type-post","status-publish","format-standard","has-post-thumbnail","hentry","category-cidade","category-principal"],"_links":{"self":[{"href":"https:\/\/jornalaquinoticias.com.br\/index.php\/wp-json\/wp\/v2\/posts\/1194","targetHints":{"allow":["GET"]}}],"collection":[{"href":"https:\/\/jornalaquinoticias.com.br\/index.php\/wp-json\/wp\/v2\/posts"}],"about":[{"href":"https:\/\/jornalaquinoticias.com.br\/index.php\/wp-json\/wp\/v2\/types\/post"}],"author":[{"embeddable":true,"href":"https:\/\/jornalaquinoticias.com.br\/index.php\/wp-json\/wp\/v2\/users\/3"}],"replies":[{"embeddable":true,"href":"https:\/\/jornalaquinoticias.com.br\/index.php\/wp-json\/wp\/v2\/comments?post=1194"}],"version-history":[{"count":1,"href":"https:\/\/jornalaquinoticias.com.br\/index.php\/wp-json\/wp\/v2\/posts\/1194\/revisions"}],"predecessor-version":[{"id":1196,"href":"https:\/\/jornalaquinoticias.com.br\/index.php\/wp-json\/wp\/v2\/posts\/1194\/revisions\/1196"}],"wp:featuredmedia":[{"embeddable":true,"href":"https:\/\/jornalaquinoticias.com.br\/index.php\/wp-json\/wp\/v2\/media\/1195"}],"wp:attachment":[{"href":"https:\/\/jornalaquinoticias.com.br\/index.php\/wp-json\/wp\/v2\/media?parent=1194"}],"wp:term":[{"taxonomy":"category","embeddable":true,"href":"https:\/\/jornalaquinoticias.com.br\/index.php\/wp-json\/wp\/v2\/categories?post=1194"},{"taxonomy":"post_tag","embeddable":true,"href":"https:\/\/jornalaquinoticias.com.br\/index.php\/wp-json\/wp\/v2\/tags?post=1194"}],"curies":[{"name":"wp","href":"https:\/\/api.w.org\/{rel}","templated":true}]}}