{"id":1197,"date":"2026-04-27T21:51:29","date_gmt":"2026-04-28T00:51:29","guid":{"rendered":"https:\/\/jornalaquinoticias.com.br\/?p=1197"},"modified":"2026-04-27T21:51:31","modified_gmt":"2026-04-28T00:51:31","slug":"clara-arte-celebra-os-20-anos-de-inhotim-com-uma-imersao-unica-em-arte-natureza-e-hospitalidade","status":"publish","type":"post","link":"https:\/\/jornalaquinoticias.com.br\/index.php\/2026\/04\/27\/clara-arte-celebra-os-20-anos-de-inhotim-com-uma-imersao-unica-em-arte-natureza-e-hospitalidade\/","title":{"rendered":"Clara Arte celebra os 20 anos de Inhotim com uma imers\u00e3o \u00fanica em arte, natureza e hospitalidade"},"content":{"rendered":"\n<p>Hotel instalado dentro do maior museu a c\u00e9u aberto da Am\u00e9rica Latina oferece visitas em hor\u00e1rios exclusivos e experi\u00eancias guiadas, durante a programa\u00e7\u00e3o comemorativa de 2026. Uma \u00f3tima op\u00e7\u00e3o para quem deseja organizar com anteced\u00eancia a celebra\u00e7\u00e3o pelo Dia das M\u00e3es.<\/p>\n\n\n\n<p>Em 2026, o Instituto Inhotim celebra duas d\u00e9cadas de abertura ao p\u00fablico com uma programa\u00e7\u00e3o especial que re\u00fane arte, natureza e educa\u00e7\u00e3o ao longo de todo o ano. \u00danico hotel localizado dentro do complexo, o Clara Arte oferece aos seus h\u00f3spedes uma porta de entrada privilegiada para vivenciar essa experi\u00eancia transformadora em um dos principais destinos culturais do Brasil.<\/p>\n\n\n\n<p>]De acordo com a programa\u00e7\u00e3o oficial divulgada pelo Inhotim, o calend\u00e1rio comemorativo de 2026 inclui uma s\u00e9rie de inaugura\u00e7\u00f5es, exposi\u00e7\u00f5es in\u00e9ditas e eventos especiais ao longo do ano, reunindo nomes relevantes da arte contempor\u00e2nea como Grada Kilomba, Paulo Nazareth, Dalton Paula, Lais Myrrha, Davi de Jesus do Nascimento, Cildo Meireles e Janet Cardiff &amp; George Bures Miller.<\/p>\n\n\n\n<p>Os h\u00f3spedes do Clara Arte t\u00eam acesso privilegiado a essas experi\u00eancias, incluindo visitas exclusivas, \u00e0s segundas e ter\u00e7as-feiras, em hor\u00e1rios diferenciados com tours guiados por educadores do Inhotim, o que garante uma viv\u00eancia ainda mais imersiva e tranquila. Uma \u00f3tima op\u00e7\u00e3o para quem deseja organizar com anteced\u00eancia a celebra\u00e7\u00e3o pelo Dia das M\u00e3es; e oferecer um momento exclusivo, por meio, de uma experi\u00eancia \u00fanica, junto a arte e a natureza.<\/p>\n\n\n\n<p>\u201cVivenciar as celebra\u00e7\u00f5es dos 20 anos do museu com acesso privilegiado a novas exposi\u00e7\u00f5es e eventos especiais torna essa imers\u00e3o ainda mais completa. Al\u00e9m disso, criamos atividades, j\u00e1 que o Dia das M\u00e3es se aproxima, para as fam\u00edlias terem uma op\u00e7\u00e3o in\u00e9dita na comemora\u00e7\u00e3o da data com uni\u00e3o, paz e momentos de descanso para as mam\u00e3es. Para n\u00f3s, o tempo de qualidade com a fam\u00edlia \u00e9 o presente mais verdadeiro. Mais do que hospedagem, o Clara Arte oferece uma viv\u00eancia profunda em arte, natureza e cultura, conectada ao que Inhotim representa no cen\u00e1rio global\u201d, afirma Taiza Krueder, CEO do Clara Resorts.<\/p>\n\n\n\n<p><strong>PROGRAMA\u00c7\u00c3O ABRIL 20 ANOS INHOTIM<br><\/strong>No dia 25 de abril (s\u00e1bado), acontecer\u00e1 tr\u00eas grandes inaugura\u00e7\u00f5es no parque com a presen\u00e7a das pessoas artistas e programa\u00e7\u00e3o especial. Dalton Paula estreia a exposi\u00e7\u00e3o \u201cDupla Cura\u201d, Lais Myrrha a obra \u201cContraplano\u201d (2026) e Davi de Jesus do Nascimento a instala\u00e7\u00e3o \u201cTororoma\u201d (2026).<br>Nas Conversas sobre o Acervo, conduzidas nas galerias, jardins, obras externas e exposi\u00e7\u00f5es de longa dura\u00e7\u00e3o, o p\u00fablico participa de di\u00e1logos que revelam a import\u00e2ncia dos elementos dos acervos art\u00edstico e bot\u00e2nico do Inhotim. Al\u00e9m disso, durante o m\u00eas, as oficinas do Ateli\u00ea Circulante convidam as pessoas participantes a exercitarem a criatividade. Essas ativa\u00e7\u00f5es ocorrem em diferentes pontos do parque.<br>Para al\u00e9m da programa\u00e7\u00e3o de abril, o visitante tamb\u00e9m deve visitar Ru Jub\u2019ulik Achik\u2019 \u2013 Aromas de um sonho, de Edgar Calel, a mostra coletiva Maxita Yano, Esconjuro, de Paulo Nazareth, Homo sapiens sapiens, de Pipilotti Rist; Apenas depois da chuva (2024), de Rebeca Carapi\u00e1; O Barco (2021), de Grada Kilomba; e Giro (2023), de Luana Vitra.<\/p>\n\n\n\n<p>Em abril, o hor\u00e1rio de funcionamento \u00e9 das 9h30 \u00e0s 16h30 de quarta a sexta-feira e das 9h30 \u00e0s 17h30 aos s\u00e1bados, domingos e feriados. No entanto, nos dias 3, 20 e 21, o parque permanece aberto das 9h30 \u00e0s 17h30. A entrada \u00e9 gratuita em 2, 9, 16 e 23 de abril (quartas-feiras), 12 de abril (Domingo Gratuito Shell) e 29 de abril (Domingo Gratuito). Para saber mais, acesse o https:\/\/www.inhotim.org.br\/ e garanta o seu ingresso com anteced\u00eancia.<\/p>\n","protected":false},"excerpt":{"rendered":"<p>Hotel instalado dentro do maior museu a c\u00e9u aberto da Am\u00e9rica Latina oferece visitas em hor\u00e1rios exclusivos e experi\u00eancias guiadas, durante a programa\u00e7\u00e3o comemorativa de 2026. Uma \u00f3tima op\u00e7\u00e3o para quem deseja organizar com anteced\u00eancia a celebra\u00e7\u00e3o pelo Dia das M\u00e3es. Em 2026, o Instituto Inhotim celebra duas d\u00e9cadas de abertura ao p\u00fablico com uma [&hellip;]<\/p>\n","protected":false},"author":3,"featured_media":1198,"comment_status":"open","ping_status":"open","sticky":false,"template":"","format":"standard","meta":{"footnotes":""},"categories":[9],"tags":[],"class_list":["post-1197","post","type-post","status-publish","format-standard","has-post-thumbnail","hentry","category-variedades"],"_links":{"self":[{"href":"https:\/\/jornalaquinoticias.com.br\/index.php\/wp-json\/wp\/v2\/posts\/1197","targetHints":{"allow":["GET"]}}],"collection":[{"href":"https:\/\/jornalaquinoticias.com.br\/index.php\/wp-json\/wp\/v2\/posts"}],"about":[{"href":"https:\/\/jornalaquinoticias.com.br\/index.php\/wp-json\/wp\/v2\/types\/post"}],"author":[{"embeddable":true,"href":"https:\/\/jornalaquinoticias.com.br\/index.php\/wp-json\/wp\/v2\/users\/3"}],"replies":[{"embeddable":true,"href":"https:\/\/jornalaquinoticias.com.br\/index.php\/wp-json\/wp\/v2\/comments?post=1197"}],"version-history":[{"count":1,"href":"https:\/\/jornalaquinoticias.com.br\/index.php\/wp-json\/wp\/v2\/posts\/1197\/revisions"}],"predecessor-version":[{"id":1199,"href":"https:\/\/jornalaquinoticias.com.br\/index.php\/wp-json\/wp\/v2\/posts\/1197\/revisions\/1199"}],"wp:featuredmedia":[{"embeddable":true,"href":"https:\/\/jornalaquinoticias.com.br\/index.php\/wp-json\/wp\/v2\/media\/1198"}],"wp:attachment":[{"href":"https:\/\/jornalaquinoticias.com.br\/index.php\/wp-json\/wp\/v2\/media?parent=1197"}],"wp:term":[{"taxonomy":"category","embeddable":true,"href":"https:\/\/jornalaquinoticias.com.br\/index.php\/wp-json\/wp\/v2\/categories?post=1197"},{"taxonomy":"post_tag","embeddable":true,"href":"https:\/\/jornalaquinoticias.com.br\/index.php\/wp-json\/wp\/v2\/tags?post=1197"}],"curies":[{"name":"wp","href":"https:\/\/api.w.org\/{rel}","templated":true}]}}