{"id":1211,"date":"2026-04-28T20:34:04","date_gmt":"2026-04-28T23:34:04","guid":{"rendered":"https:\/\/jornalaquinoticias.com.br\/?p=1211"},"modified":"2026-04-28T20:34:05","modified_gmt":"2026-04-28T23:34:05","slug":"campanha-em-bh-orienta-populacao-sobre-destinacao-do-imposto-de-renda-em-blitzes-educativas","status":"publish","type":"post","link":"https:\/\/jornalaquinoticias.com.br\/index.php\/2026\/04\/28\/campanha-em-bh-orienta-populacao-sobre-destinacao-do-imposto-de-renda-em-blitzes-educativas\/","title":{"rendered":"\u00a0Campanha em BH orienta popula\u00e7\u00e3o sobre destina\u00e7\u00e3o do Imposto de Renda em blitzes educativas"},"content":{"rendered":"\n<p>Entre os dias 30 de abril e 22 de maio, a equipe do CeMAIS realiza blitzes educativas em Belo Horizonte com o objetivo de orientar a popula\u00e7\u00e3o sobre a destina\u00e7\u00e3o do Imposto de Renda. A a\u00e7\u00e3o integra a campanha <strong>\u201cToda Idade \u00e9 Tempo de Ser: pelo direito de envelhecer com direitos\u201d<\/strong>, promovida pelo CeMAIS, com fomento do Conselho Municipal da Pessoa Idosa, do Fundo Municipal da Pessoa Idosa e da Prefeitura de Belo Horizonte.<\/p>\n\n\n\n<p>As equipes ir\u00e3o percorrer diferentes regi\u00f5es da cidade, levando informa\u00e7\u00e3o direta \u00e0 popula\u00e7\u00e3o por meio da distribui\u00e7\u00e3o de materiais informativos e abordagens educativas. A iniciativa tamb\u00e9m conta com outras frentes de comunica\u00e7\u00e3o, como pain\u00e9is de LED e veicula\u00e7\u00e3o em \u00f4nibus. \u201cAs blitzes s\u00e3o uma forma de levar informa\u00e7\u00e3o acess\u00edvel para as pessoas, esclarecendo d\u00favidas e mostrando, na pr\u00e1tica, como cada contribuinte pode contribuir para fortalecer pol\u00edticas p\u00fablicas voltadas \u00e0 popula\u00e7\u00e3o idosa\u201d, <strong>destaca Marcela Giovanna, diretora presidente do CeMAIS.<\/strong><strong><\/strong><\/p>\n\n\n\n<p>O principal objetivo da a\u00e7\u00e3o \u00e9 ampliar o conhecimento da popula\u00e7\u00e3o sobre a possibilidade de destinar parte do Imposto de Renda devido para fundos p\u00fablicos, contribuindo diretamente para o financiamento de projetos e pol\u00edticas voltadas \u00e0 garantia dos direitos da pessoa idosa.<\/p>\n\n\n\n<p>A campanha \u201cToda Idade \u00e9 Tempo de Ser: pelo direito de envelhecer com direitos\u201d tem como proposta valorizar o envelhecimento como um processo cont\u00ednuo de descobertas, afeto e express\u00e3o. Al\u00e9m disso, busca conscientizar a sociedade sobre a import\u00e2ncia da destina\u00e7\u00e3o de recursos por meio do Imposto de Renda da Pessoa F\u00edsica, cujo prazo de entrega segue at\u00e9 \u00e0s 23h59 do dia 29 de maio.<\/p>\n\n\n\n<p>A destina\u00e7\u00e3o pode ser feita no momento da declara\u00e7\u00e3o e n\u00e3o gera custo adicional ao contribuinte, representando uma forma direta de participa\u00e7\u00e3o social no fortalecimento de pol\u00edticas p\u00fablicas.<\/p>\n\n\n\n<p><strong>Servi\u00e7o:<\/strong><br><strong>Blitzes 6:30 \u00e0s 9:30h (Entrada Escolar)<\/strong><br>07\/05 Col\u00e9gio Logos\u00f3fico Cidade Nova<br>25\/05 Col\u00e9gio Santa Maria Planalto<br>26\/05 Col\u00e9gio Bernoulli Lourdes<\/p>\n\n\n\n<p><strong>Blitzes 8h \u00e0s 11h<\/strong><br>30\/04 Avenida Santa Rosa<br>06\/05 Cidade Administrativa<br>11\/05 Pra\u00e7a Floriano Peixoto<br>12\/05 Cemig (Av. Barbacena)<br>14\/05 Av. Tancredo Neves<br>15\/05 Buritis<br>18\/05 Av. Presidente Carlos Luz<br>19\/05 MPMG (Av. \u00c1lvares Cabral)<br>21\/05 BH Shopping<br>22\/05 Vallourec<\/p>\n\n\n\n<p><strong>Informa\u00e7\u00e3o acess\u00edvel para ampliar a participa\u00e7\u00e3o<\/strong><br>Para conscientizar mais pessoas sobre como destinar o CeMAIS criou o portal Nossos Direitos (nossosdireitos.org.br) com um passo a passo bem completo para fazer Incentivo Fiscal para o Fundo Municipal da Pessoa Idosa. Ele ainda re\u00fane conte\u00fados explicativos, orienta\u00e7\u00f5es pr\u00e1ticas e materiais educativos sobre direitos da pessoa idosa e formas de participa\u00e7\u00e3o social. A proposta \u00e9 facilitar o acesso \u00e0 informa\u00e7\u00e3o e incentivar uma cultura de corresponsabilidade, aproximando a popula\u00e7\u00e3o dos mecanismos de financiamento de pol\u00edticas p\u00fablicas.<\/p>\n\n\n\n<p><strong>Mais informa\u00e7\u00f5es: <\/strong><a href=\"https:\/\/nossosdireitos.org.br\/\"><strong><u><strong>https:\/\/nossosdireitos.org.br\/<\/strong><\/u><\/strong><\/a><strong><\/strong><\/p>\n\n\n\n<p><strong>Sobre a Campanha<\/strong><br>A campanha \u201cToda Idade \u00e9 Tempo de Ser: pelo direito de envelhecer\u201d tem como foco celebrar o envelhecimento como um processo cont\u00ednuo de descobertas, afeto e express\u00e3o. Em um contexto em que o tempo \u00e9 frequentemente tratado como limitador, a iniciativa prop\u00f5e uma nova narrativa, destacando a pot\u00eancia e a beleza de cada fase da vida.<\/p>\n\n\n\n<p>Um dos principais objetivos \u00e9 fortalecer o Fundo Municipal da Pessoa Idosa de Belo Horizonte, ampliando a destina\u00e7\u00e3o de recursos por meio do Imposto de Renda da Pessoa F\u00edsica. A campanha j\u00e1 realizou blitzes educativas nas nove regionais da capital, mobilizando a sociedade para reconhecer, valorizar e garantir direitos das pessoas idosas. Ela tem patroc\u00ednio de empresas como Ita\u00fa, Herculano Minera\u00e7\u00e3o, Volkswagen Caminh\u00f5es e \u00d4nibus, Banco do Brasil, Solenis e Editora Saraiva.<\/p>\n\n\n\n<p><strong>CeMAIS<\/strong><br>Uma organiza\u00e7\u00e3o da sociedade civil (OSC) criada em 2006 com a miss\u00e3o de impulsionar o ecossistema de impacto social com conex\u00e3o, conhecimento e fortalecimento das OSCs comprometidas com a transforma\u00e7\u00e3o socioambiental. Acreditamos que as organiza\u00e7\u00f5es da sociedade civil s\u00e3o capazes de gerar impacto social e ambiental duradouro. Por isso, conectamos pessoas para a transforma\u00e7\u00e3o socioambiental de forma humanizada, com transpar\u00eancia, cuidado, responsabilidade socioambiental, comprometimento e colabora\u00e7\u00e3o.<\/p>\n","protected":false},"excerpt":{"rendered":"<p>Entre os dias 30 de abril e 22 de maio, a equipe do CeMAIS realiza blitzes educativas em Belo Horizonte com o objetivo de orientar a popula\u00e7\u00e3o sobre a destina\u00e7\u00e3o do Imposto de Renda. A a\u00e7\u00e3o integra a campanha \u201cToda Idade \u00e9 Tempo de Ser: pelo direito de envelhecer com direitos\u201d, promovida pelo CeMAIS, com [&hellip;]<\/p>\n","protected":false},"author":3,"featured_media":1212,"comment_status":"open","ping_status":"open","sticky":false,"template":"","format":"standard","meta":{"footnotes":""},"categories":[8],"tags":[],"class_list":["post-1211","post","type-post","status-publish","format-standard","has-post-thumbnail","hentry","category-policial"],"_links":{"self":[{"href":"https:\/\/jornalaquinoticias.com.br\/index.php\/wp-json\/wp\/v2\/posts\/1211","targetHints":{"allow":["GET"]}}],"collection":[{"href":"https:\/\/jornalaquinoticias.com.br\/index.php\/wp-json\/wp\/v2\/posts"}],"about":[{"href":"https:\/\/jornalaquinoticias.com.br\/index.php\/wp-json\/wp\/v2\/types\/post"}],"author":[{"embeddable":true,"href":"https:\/\/jornalaquinoticias.com.br\/index.php\/wp-json\/wp\/v2\/users\/3"}],"replies":[{"embeddable":true,"href":"https:\/\/jornalaquinoticias.com.br\/index.php\/wp-json\/wp\/v2\/comments?post=1211"}],"version-history":[{"count":1,"href":"https:\/\/jornalaquinoticias.com.br\/index.php\/wp-json\/wp\/v2\/posts\/1211\/revisions"}],"predecessor-version":[{"id":1213,"href":"https:\/\/jornalaquinoticias.com.br\/index.php\/wp-json\/wp\/v2\/posts\/1211\/revisions\/1213"}],"wp:featuredmedia":[{"embeddable":true,"href":"https:\/\/jornalaquinoticias.com.br\/index.php\/wp-json\/wp\/v2\/media\/1212"}],"wp:attachment":[{"href":"https:\/\/jornalaquinoticias.com.br\/index.php\/wp-json\/wp\/v2\/media?parent=1211"}],"wp:term":[{"taxonomy":"category","embeddable":true,"href":"https:\/\/jornalaquinoticias.com.br\/index.php\/wp-json\/wp\/v2\/categories?post=1211"},{"taxonomy":"post_tag","embeddable":true,"href":"https:\/\/jornalaquinoticias.com.br\/index.php\/wp-json\/wp\/v2\/tags?post=1211"}],"curies":[{"name":"wp","href":"https:\/\/api.w.org\/{rel}","templated":true}]}}