{"id":1218,"date":"2026-04-29T19:24:55","date_gmt":"2026-04-29T22:24:55","guid":{"rendered":"https:\/\/jornalaquinoticias.com.br\/?p=1218"},"modified":"2026-04-29T19:24:56","modified_gmt":"2026-04-29T22:24:56","slug":"andre-baran-vibra-com-retomada-e-vice-no-sand-series-de-brasilia","status":"publish","type":"post","link":"https:\/\/jornalaquinoticias.com.br\/index.php\/2026\/04\/29\/andre-baran-vibra-com-retomada-e-vice-no-sand-series-de-brasilia\/","title":{"rendered":"Andr\u00e9 Baran vibra com retomada e vice no Sand Series de Bras\u00edlia"},"content":{"rendered":"\n<p>Depois de uma sequ\u00eancia dif\u00edcil na temporada, o beach tennista catarinense Andr\u00e9 Baran retomou seu melhor n\u00edvel ao longo da \u00faltima semana e conquistou o vice-campeonato no Sand Series de Bras\u00edlia. Em partida de alto n\u00edvel t\u00e9cnico, Baran e seu parceiro Michele Cappelletti foram superados na grande final por parciais de 6\/7, 6\/0 e 10\/8 por Mattia Spoto e Nicolas Gianotti.<\/p>\n\n\n\n<p>Segundo Baran, o desempenho ao longo do primeiro Sand Series da temporada representa uma virada de chave para a sequ\u00eancia do calend\u00e1rio. O atleta do Praia Clube reconhece que foi preciso muita reflex\u00e3o e trabalho dobrado para atingir o melhor n\u00edvel de performance e voltar a brigar por t\u00edtulos.<\/p>\n\n\n\n<p>&#8220;Claro que nosso objetivo quando entramos em quadra \u00e9 sempre o t\u00edtulo, mas apesar de ele n\u00e3o ter vindo, saio satisfeito com nossas pequenas conquistas. Buscamos solu\u00e7\u00f5es para melhorar e acredito que este resultado foi reflexo desse trabalho ao longo das \u00faltimas semanas. Voltei a me divertir em quadra e agora espero que isso se reverta em t\u00edtulos&#8221;, disse o atleta patrocinado por Havan, Acto, Loja BT, Heroes, Alto Giro, Da Col\u00f4nia, Aquacoco, Sunrise Homes, Grupo Urca e Oakley.<\/p>\n\n\n\n<p>Ap\u00f3s o vice em Bras\u00edlia, Andr\u00e9 Baran agora se prepara para a disputa do Sand Series Reunion Clasic que ser\u00e1 disputado nas Ilhas Reuni\u00e3o, na praia de de Saint-Gilles les Bains, entre os dias 07 e 10 de maio.<\/p>\n","protected":false},"excerpt":{"rendered":"<p>Depois de uma sequ\u00eancia dif\u00edcil na temporada, o beach tennista catarinense Andr\u00e9 Baran retomou seu melhor n\u00edvel ao longo da \u00faltima semana e conquistou o vice-campeonato no Sand Series de Bras\u00edlia. Em partida de alto n\u00edvel t\u00e9cnico, Baran e seu parceiro Michele Cappelletti foram superados na grande final por parciais de 6\/7, 6\/0 e 10\/8 [&hellip;]<\/p>\n","protected":false},"author":3,"featured_media":1219,"comment_status":"open","ping_status":"open","sticky":false,"template":"","format":"standard","meta":{"footnotes":""},"categories":[1],"tags":[],"class_list":["post-1218","post","type-post","status-publish","format-standard","has-post-thumbnail","hentry","category-sem-categoria"],"_links":{"self":[{"href":"https:\/\/jornalaquinoticias.com.br\/index.php\/wp-json\/wp\/v2\/posts\/1218","targetHints":{"allow":["GET"]}}],"collection":[{"href":"https:\/\/jornalaquinoticias.com.br\/index.php\/wp-json\/wp\/v2\/posts"}],"about":[{"href":"https:\/\/jornalaquinoticias.com.br\/index.php\/wp-json\/wp\/v2\/types\/post"}],"author":[{"embeddable":true,"href":"https:\/\/jornalaquinoticias.com.br\/index.php\/wp-json\/wp\/v2\/users\/3"}],"replies":[{"embeddable":true,"href":"https:\/\/jornalaquinoticias.com.br\/index.php\/wp-json\/wp\/v2\/comments?post=1218"}],"version-history":[{"count":1,"href":"https:\/\/jornalaquinoticias.com.br\/index.php\/wp-json\/wp\/v2\/posts\/1218\/revisions"}],"predecessor-version":[{"id":1220,"href":"https:\/\/jornalaquinoticias.com.br\/index.php\/wp-json\/wp\/v2\/posts\/1218\/revisions\/1220"}],"wp:featuredmedia":[{"embeddable":true,"href":"https:\/\/jornalaquinoticias.com.br\/index.php\/wp-json\/wp\/v2\/media\/1219"}],"wp:attachment":[{"href":"https:\/\/jornalaquinoticias.com.br\/index.php\/wp-json\/wp\/v2\/media?parent=1218"}],"wp:term":[{"taxonomy":"category","embeddable":true,"href":"https:\/\/jornalaquinoticias.com.br\/index.php\/wp-json\/wp\/v2\/categories?post=1218"},{"taxonomy":"post_tag","embeddable":true,"href":"https:\/\/jornalaquinoticias.com.br\/index.php\/wp-json\/wp\/v2\/tags?post=1218"}],"curies":[{"name":"wp","href":"https:\/\/api.w.org\/{rel}","templated":true}]}}