{"id":1932,"date":"2026-09-02T03:28:45","date_gmt":"2026-09-02T06:28:45","guid":{"rendered":"https:\/\/jornalaquinoticias.com.br\/?p=1932"},"modified":"2026-09-02T03:28:46","modified_gmt":"2026-09-02T06:28:46","slug":"luizianne-lins-lanca-candidatura-de-mitchelle-meira-a-camara-federal-nesta-quinta-feira-no-benfica","status":"publish","type":"post","link":"https:\/\/jornalaquinoticias.com.br\/index.php\/2026\/09\/02\/luizianne-lins-lanca-candidatura-de-mitchelle-meira-a-camara-federal-nesta-quinta-feira-no-benfica\/","title":{"rendered":"Luizianne Lins lan\u00e7a candidatura de Mitchelle Meira \u00e0 C\u00e2mara Federal nesta quinta-feira no Benfica"},"content":{"rendered":"\n<p class=\"wp-block-paragraph\">A candidata ao Senado Luizianne Lins (Rede), participa, nesta quinta-feira (3), \u00e0s 18h, do lan\u00e7amento oficial da candidatura de Mitchelle Meira (Rede) a deputada federal. O encontro com Mitchelle 1800 com Luizianne ser\u00e1 realizado no Comit\u00ea 180, na Avenida da Universidade, 2189, em Fortaleza.<\/p>\n\n\n\n<p class=\"wp-block-paragraph\">Com o lema &#8220;A Federal da Luizianne\u201d a candidatura marca a continuidade de umaparceria pol\u00edtica constru\u00edda h\u00e1 mais de tr\u00eas d\u00e9cadas. Mitchelle participou da campanha que levou Luizianne \u00e0 C\u00e2mara Municipal de Fortaleza, nos anos 1990, e desde ent\u00e3o construiu trajet\u00f3ria pr\u00f3pria nos movimentos sociais, no Legislativo e na gest\u00e3o p\u00fablica.<\/p>\n\n\n\n<p class=\"wp-block-paragraph\">Gestora p\u00fablica e especialista em Direitos Humanos, Mitchelle atuou na pol\u00edtica LGBTI+ em Fortaleza, foi a primeira coordenadora nacional da pol\u00edtica LGBT no Governo Lula e a primeira secret\u00e1ria da Diversidade do Cear\u00e1, durante o governo de Elmano de Freitas.<\/p>\n\n\n\n<p class=\"wp-block-paragraph\">O lan\u00e7amento reunir\u00e1 militantes, apoiadores, representantes de movimentos sociais epartidos para apresentar a candidatura e discutir os pr\u00f3ximos passos da campanha rumo \u00e0 C\u00e2mara Federal.<\/p>\n\n\n\n<p class=\"wp-block-paragraph\">SERVI\u00c7O:<\/p>\n\n\n\n<p class=\"wp-block-paragraph\">Plen\u00e1ria Mitchelle 1800 com Luizianne 180<\/p>\n\n\n\n<p class=\"wp-block-paragraph\">Data: 3 de setembro<\/p>\n\n\n\n<p class=\"wp-block-paragraph\">Hor\u00e1rio: 18:00<\/p>\n\n\n\n<p class=\"wp-block-paragraph\">Local: Comit\u00ea 180 \u2013 Av. da Universidade, 2189 \u2013 Fortaleza\/CE<\/p>\n\n\n\n<p class=\"wp-block-paragraph\"><\/p>\n","protected":false},"excerpt":{"rendered":"<p>A candidata ao Senado Luizianne Lins (Rede), participa, nesta quinta-feira (3), \u00e0s 18h, do lan\u00e7amento oficial da candidatura de Mitchelle Meira (Rede) a deputada federal. O encontro com Mitchelle 1800 com Luizianne ser\u00e1 realizado no Comit\u00ea 180, na Avenida da Universidade, 2189, em Fortaleza. Com o lema &#8220;A Federal da Luizianne\u201d a candidatura marca a [&hellip;]<\/p>\n","protected":false},"author":2,"featured_media":1933,"comment_status":"open","ping_status":"open","sticky":false,"template":"","format":"standard","meta":{"footnotes":""},"categories":[1],"tags":[],"class_list":["post-1932","post","type-post","status-publish","format-standard","has-post-thumbnail","hentry","category-sem-categoria"],"_links":{"self":[{"href":"https:\/\/jornalaquinoticias.com.br\/index.php\/wp-json\/wp\/v2\/posts\/1932","targetHints":{"allow":["GET"]}}],"collection":[{"href":"https:\/\/jornalaquinoticias.com.br\/index.php\/wp-json\/wp\/v2\/posts"}],"about":[{"href":"https:\/\/jornalaquinoticias.com.br\/index.php\/wp-json\/wp\/v2\/types\/post"}],"author":[{"embeddable":true,"href":"https:\/\/jornalaquinoticias.com.br\/index.php\/wp-json\/wp\/v2\/users\/2"}],"replies":[{"embeddable":true,"href":"https:\/\/jornalaquinoticias.com.br\/index.php\/wp-json\/wp\/v2\/comments?post=1932"}],"version-history":[{"count":1,"href":"https:\/\/jornalaquinoticias.com.br\/index.php\/wp-json\/wp\/v2\/posts\/1932\/revisions"}],"predecessor-version":[{"id":1934,"href":"https:\/\/jornalaquinoticias.com.br\/index.php\/wp-json\/wp\/v2\/posts\/1932\/revisions\/1934"}],"wp:featuredmedia":[{"embeddable":true,"href":"https:\/\/jornalaquinoticias.com.br\/index.php\/wp-json\/wp\/v2\/media\/1933"}],"wp:attachment":[{"href":"https:\/\/jornalaquinoticias.com.br\/index.php\/wp-json\/wp\/v2\/media?parent=1932"}],"wp:term":[{"taxonomy":"category","embeddable":true,"href":"https:\/\/jornalaquinoticias.com.br\/index.php\/wp-json\/wp\/v2\/categories?post=1932"},{"taxonomy":"post_tag","embeddable":true,"href":"https:\/\/jornalaquinoticias.com.br\/index.php\/wp-json\/wp\/v2\/tags?post=1932"}],"curies":[{"name":"wp","href":"https:\/\/api.w.org\/{rel}","templated":true}]}}