{"id":1942,"date":"2026-09-02T18:25:19","date_gmt":"2026-09-02T21:25:19","guid":{"rendered":"https:\/\/jornalaquinoticias.com.br\/?p=1942"},"modified":"2026-09-02T18:25:20","modified_gmt":"2026-09-02T21:25:20","slug":"quinta-do-riso-realiza-edicao-especial-no-lar-torres-de-melo-com-luana-do-crato-e-convidados","status":"publish","type":"post","link":"https:\/\/jornalaquinoticias.com.br\/index.php\/2026\/09\/02\/quinta-do-riso-realiza-edicao-especial-no-lar-torres-de-melo-com-luana-do-crato-e-convidados\/","title":{"rendered":"&#8220;Quinta do Riso&#8221; realiza edi\u00e7\u00e3o especial no Lar Torres de Melo com Luana do Crato e convidados"},"content":{"rendered":"\n<p class=\"wp-block-paragraph\">Uma tarde de humor e intera\u00e7\u00e3o est\u00e1 programada para esta quinta-feira, 3 de setembro, no Lar Torres de Melo. A partir das 14h, Luana do Crato, Megera e Damiana, personagem interpretada pelo artista J\u00fanio Torres, participam da edi\u00e7\u00e3o especial \u201cS\u00f3 Riso no Lar\u201d, do projeto Quinta do Riso 2026<\/p>\n\n\n\n<p class=\"wp-block-paragraph\">A programa\u00e7\u00e3o \u00e9 idealizada e dirigida por Luciano Lopes, criador de Luana do Crato, e conta com apoio cultural do Sesc. A iniciativa tem como uma de suas principais propostas levar o humor para diferentes espa\u00e7os e aproximar a produ\u00e7\u00e3o art\u00edstica de p\u00fablicos que nem sempre t\u00eam acesso regular aos teatros e equipamentos culturais.<\/p>\n\n\n\n<p class=\"wp-block-paragraph\">Para esta edi\u00e7\u00e3o, o Quinta do Riso chega ao Lar Torres de Melo com uma programa\u00e7\u00e3o pensada para promover entretenimento e conviv\u00eancia com os idosos atendidos pela institui\u00e7\u00e3o.<\/p>\n\n\n\n<p class=\"wp-block-paragraph\">Tr\u00eas personagens em uma tarde de intera\u00e7\u00e3o<\/p>\n\n\n\n<p class=\"wp-block-paragraph\">Luana do Crato e Megera estar\u00e3o \u00e0 frente da apresenta\u00e7\u00e3o, mantendo a din\u00e2mica do projeto, que re\u00fane personagens do humor cearense e, a cada edi\u00e7\u00e3o, recebe um novo convidado.<\/p>\n\n\n\n<p class=\"wp-block-paragraph\">Desta vez, o encontro ganha a participa\u00e7\u00e3o de Damiana, personagem vivida por J\u00fanio Torres. A combina\u00e7\u00e3o dos tr\u00eas personagens deve conduzir uma tarde marcada pela irrever\u00eancia, pelas brincadeiras e pela intera\u00e7\u00e3o direta com os moradores do Lar Torres de Melo.<\/p>\n\n\n\n<p class=\"wp-block-paragraph\">Megera tamb\u00e9m ocupa papel importante na proposta do projeto, dividindo a cena com Luana do Crato e contribuindo para a variedade de estilos presentes na programa\u00e7\u00e3o.<\/p>\n\n\n\n<p class=\"wp-block-paragraph\">Projeto leva humor para al\u00e9m dos teatros<\/p>\n\n\n\n<p class=\"wp-block-paragraph\">O \u201cS\u00f3 Riso no Lar\u201d faz parte da proposta de descentraliza\u00e7\u00e3o do Quinta do Riso. Em vez de concentrar suas atividades nos espa\u00e7os tradicionais de espet\u00e1culos, o projeto leva os artistas at\u00e9 o p\u00fablico.<\/p>\n\n\n\n<p class=\"wp-block-paragraph\">No Lar Torres de Melo, a iniciativa busca transformar o humor em uma experi\u00eancia de conviv\u00eancia e entretenimento. A a\u00e7\u00e3o amplia o alcance da programa\u00e7\u00e3o cultural e aproxima os artistas dos residentes da institui\u00e7\u00e3o.<\/p>\n\n\n\n<p class=\"wp-block-paragraph\">Mais de tr\u00eas d\u00e9cadas de Luana do Crato<\/p>\n\n\n\n<p class=\"wp-block-paragraph\">A dire\u00e7\u00e3o do projeto \u00e9 de Luciano Lopes, criador de Luana do Crato, personagem que possui mais de 30 anos de trajet\u00f3ria e se tornou uma refer\u00eancia do humor e da cultura popular cearense.<\/p>\n\n\n\n<p class=\"wp-block-paragraph\">A personagem atravessou diferentes gera\u00e7\u00f5es e permanece presente em espet\u00e1culos e projetos culturais. Por meio do Quinta do Riso, Luciano Lopes desenvolve uma proposta que amplia a presen\u00e7a do humor e promove encontros com diferentes p\u00fablicos.<\/p>\n\n\n\n<p class=\"wp-block-paragraph\">SERVI\u00c7O<\/p>\n\n\n\n<p class=\"wp-block-paragraph\">Quinta do Riso \u2013 \u201cS\u00f3 Riso no Lar\u201d<br>Atra\u00e7\u00f5es: Luana do Crato, Megera e Damiana, personagem interpretada por J\u00fanio Torres<br>Dire\u00e7\u00e3o: Luciano Lopes<br>Data: Quinta-feira, 3 de setembro<br>Hor\u00e1rio: 14h<br>Local: Lar Torres de Melo<br>Apoio cultural: Sesc<br>Produ\u00e7\u00e3o: Marmotas Produ\u00e7\u00f5es<\/p>\n\n\n\n<p class=\"wp-block-paragraph\"><\/p>\n","protected":false},"excerpt":{"rendered":"<p>Uma tarde de humor e intera\u00e7\u00e3o est\u00e1 programada para esta quinta-feira, 3 de setembro, no Lar Torres de Melo. A partir das 14h, Luana do Crato, Megera e Damiana, personagem interpretada pelo artista J\u00fanio Torres, participam da edi\u00e7\u00e3o especial \u201cS\u00f3 Riso no Lar\u201d, do projeto Quinta do Riso 2026 A programa\u00e7\u00e3o \u00e9 idealizada e dirigida [&hellip;]<\/p>\n","protected":false},"author":2,"featured_media":1943,"comment_status":"open","ping_status":"open","sticky":false,"template":"","format":"standard","meta":{"footnotes":""},"categories":[2],"tags":[],"class_list":["post-1942","post","type-post","status-publish","format-standard","has-post-thumbnail","hentry","category-noticias"],"_links":{"self":[{"href":"https:\/\/jornalaquinoticias.com.br\/index.php\/wp-json\/wp\/v2\/posts\/1942","targetHints":{"allow":["GET"]}}],"collection":[{"href":"https:\/\/jornalaquinoticias.com.br\/index.php\/wp-json\/wp\/v2\/posts"}],"about":[{"href":"https:\/\/jornalaquinoticias.com.br\/index.php\/wp-json\/wp\/v2\/types\/post"}],"author":[{"embeddable":true,"href":"https:\/\/jornalaquinoticias.com.br\/index.php\/wp-json\/wp\/v2\/users\/2"}],"replies":[{"embeddable":true,"href":"https:\/\/jornalaquinoticias.com.br\/index.php\/wp-json\/wp\/v2\/comments?post=1942"}],"version-history":[{"count":1,"href":"https:\/\/jornalaquinoticias.com.br\/index.php\/wp-json\/wp\/v2\/posts\/1942\/revisions"}],"predecessor-version":[{"id":1944,"href":"https:\/\/jornalaquinoticias.com.br\/index.php\/wp-json\/wp\/v2\/posts\/1942\/revisions\/1944"}],"wp:featuredmedia":[{"embeddable":true,"href":"https:\/\/jornalaquinoticias.com.br\/index.php\/wp-json\/wp\/v2\/media\/1943"}],"wp:attachment":[{"href":"https:\/\/jornalaquinoticias.com.br\/index.php\/wp-json\/wp\/v2\/media?parent=1942"}],"wp:term":[{"taxonomy":"category","embeddable":true,"href":"https:\/\/jornalaquinoticias.com.br\/index.php\/wp-json\/wp\/v2\/categories?post=1942"},{"taxonomy":"post_tag","embeddable":true,"href":"https:\/\/jornalaquinoticias.com.br\/index.php\/wp-json\/wp\/v2\/tags?post=1942"}],"curies":[{"name":"wp","href":"https:\/\/api.w.org\/{rel}","templated":true}]}}