{"id":1946,"date":"2026-09-03T08:36:40","date_gmt":"2026-09-03T11:36:40","guid":{"rendered":"https:\/\/jornalaquinoticias.com.br\/?p=1946"},"modified":"2026-09-03T08:36:42","modified_gmt":"2026-09-03T11:36:42","slug":"diego-besou-apresenta-upa-que-pariu-no-teatro-estacao-bh-nesta-quinta-feira","status":"publish","type":"post","link":"https:\/\/jornalaquinoticias.com.br\/index.php\/2026\/09\/03\/diego-besou-apresenta-upa-que-pariu-no-teatro-estacao-bh-nesta-quinta-feira\/","title":{"rendered":"Diego Besou apresenta \u201cUpa Que Pariu\u201d no Teatro Esta\u00e7\u00e3o BH nesta quinta-feira"},"content":{"rendered":"\n<h2 class=\"wp-block-heading\"><em>Humorista leva aos palcos espet\u00e1culo inspirado no universo da sa\u00fade e nas situa\u00e7\u00f5es inusitadas vividas por profissionais e pacientes<\/em><\/h2>\n\n\n\n<p class=\"wp-block-paragraph\">O humorista Diego Besou chega a Belo Horizonte com o espet\u00e1culo \u201cUpa Que Pariu\u201d, uma apresenta\u00e7\u00e3o que transforma situa\u00e7\u00f5es do cotidiano da sa\u00fade em mat\u00e9ria-prima para o humor. O show acontece no dia 03 de setembro (quinta-feira) \u00e0s 20h no Teatro Esta\u00e7\u00e3o BH &#8211; Shopping Esta\u00e7\u00e3o BH , e promete uma noite de muitas hist\u00f3rias, identifica\u00e7\u00e3o e boas risadas. Os ingressos podem ser adquiridos atrav\u00e9s do <a href=\"https:\/\/bileto.sympla.com.br\/event\/124975\/d\/405206\/s\/2650221?fbclid=PARlRTSAT0ijFwZG9mAmZkaWQWUM5a5D3sX4B7ZQtcpUKFLkT6jlmJ02V4dG4DYWVtAjExAHNydGMGYXBwX2lkDzEyNDAyNDU3NDI4NzQxNAABpydFf0EXqjHPZpN07dO__JVtZ5Z89hmXY3DbrVECTzOUw4r2AT7dHC13JAw5_aem_tlp124MElXKVg2opdMceLg\">Sympla.<\/a><\/p>\n\n\n\n<p class=\"wp-block-paragraph\">Conhecido por levar para a com\u00e9dia experi\u00eancias e situa\u00e7\u00f5es relacionadas ao ambiente hospitalar, Diego Besou constr\u00f3i seu humor a partir de acontecimentos que fazem parte da rotina de profissionais da sa\u00fade e tamb\u00e9m dos pacientes. O resultado \u00e9 um espet\u00e1culo que brinca com as peculiaridades desse universo e mostra que, mesmo diante de situa\u00e7\u00f5es inesperadas, sempre existe espa\u00e7o para uma boa gargalhada.<\/p>\n\n\n\n<p class=\"wp-block-paragraph\">Em \u201cUpa Que Pariu\u201d, o p\u00fablico \u00e9 convidado a reconhecer situa\u00e7\u00f5es que parecem familiares: atendimentos, plant\u00f5es, hist\u00f3rias de pacientes, rela\u00e7\u00f5es entre profissionais e os acontecimentos inusitados que fazem parte do dia a dia de quem trabalha na \u00e1rea da sa\u00fade. A proposta do espet\u00e1culo \u00e9 aproximar o p\u00fablico desse universo por meio de uma com\u00e9dia leve, irreverente e baseada em situa\u00e7\u00f5es reais e reconhec\u00edveis.<\/p>\n\n\n\n<p class=\"wp-block-paragraph\"><strong>Da sa\u00fade para os palcos<\/strong><br>Diego Besou construiu sua trajet\u00f3ria art\u00edstica explorando justamente a rela\u00e7\u00e3o entre sua experi\u00eancia profissional e a com\u00e9dia. O universo da sa\u00fade se tornou uma das principais refer\u00eancias de seu trabalho, permitindo que situa\u00e7\u00f5es comuns do cotidiano fossem transformadas em hist\u00f3rias de humor.<\/p>\n\n\n\n<p class=\"wp-block-paragraph\">Com uma linguagem direta e identifica\u00e7\u00e3o com o p\u00fablico, o humorista conquistou espa\u00e7o nos palcos e nas redes sociais ao abordar temas que fazem parte da rotina de milhares de brasileiros. \u201cUpa Que Pariu\u201d amplia essa proposta e leva para o teatro um olhar bem-humorado sobre o cotidiano de hospitais, unidades de atendimento e consult\u00f3rios, mostrando o lado inusitado das rela\u00e7\u00f5es entre profissionais e pacientes.<\/p>\n\n\n\n<p class=\"wp-block-paragraph\"><strong>Servi\u00e7o:<\/strong><br><strong>Diego Besou apresenta \u201cUpa Que Pariu\u201d no Teatro Esta\u00e7\u00e3o BH nesta quinta-feira<\/strong><br><strong>Data:<\/strong> 3 de setembro de 2026 (quinta-feira)<br><strong>Local:<\/strong> Belo Horizonte (MG)<br><strong>Hor\u00e1rio:<\/strong> 20h<br><strong>Endere\u00e7o:<\/strong>&nbsp; Teatro Esta\u00e7\u00e3o BH &#8211; Shopping Esta\u00e7\u00e3o BH<br><strong>Ingressos:<\/strong> dispon\u00edveis pela <a href=\"https:\/\/bileto.sympla.com.br\/event\/124975\/d\/405206\/s\/2650221?utm_source=chatgpt.com\">Sympla.<\/a><\/p>\n","protected":false},"excerpt":{"rendered":"<p>Humorista leva aos palcos espet\u00e1culo inspirado no universo da sa\u00fade e nas situa\u00e7\u00f5es inusitadas vividas por profissionais e pacientes O humorista Diego Besou chega a Belo Horizonte com o espet\u00e1culo \u201cUpa Que Pariu\u201d, uma apresenta\u00e7\u00e3o que transforma situa\u00e7\u00f5es do cotidiano da sa\u00fade em mat\u00e9ria-prima para o humor. O show acontece no dia 03 de setembro [&hellip;]<\/p>\n","protected":false},"author":3,"featured_media":1947,"comment_status":"open","ping_status":"open","sticky":false,"template":"","format":"standard","meta":{"footnotes":""},"categories":[2],"tags":[],"class_list":["post-1946","post","type-post","status-publish","format-standard","has-post-thumbnail","hentry","category-noticias"],"_links":{"self":[{"href":"https:\/\/jornalaquinoticias.com.br\/index.php\/wp-json\/wp\/v2\/posts\/1946","targetHints":{"allow":["GET"]}}],"collection":[{"href":"https:\/\/jornalaquinoticias.com.br\/index.php\/wp-json\/wp\/v2\/posts"}],"about":[{"href":"https:\/\/jornalaquinoticias.com.br\/index.php\/wp-json\/wp\/v2\/types\/post"}],"author":[{"embeddable":true,"href":"https:\/\/jornalaquinoticias.com.br\/index.php\/wp-json\/wp\/v2\/users\/3"}],"replies":[{"embeddable":true,"href":"https:\/\/jornalaquinoticias.com.br\/index.php\/wp-json\/wp\/v2\/comments?post=1946"}],"version-history":[{"count":1,"href":"https:\/\/jornalaquinoticias.com.br\/index.php\/wp-json\/wp\/v2\/posts\/1946\/revisions"}],"predecessor-version":[{"id":1948,"href":"https:\/\/jornalaquinoticias.com.br\/index.php\/wp-json\/wp\/v2\/posts\/1946\/revisions\/1948"}],"wp:featuredmedia":[{"embeddable":true,"href":"https:\/\/jornalaquinoticias.com.br\/index.php\/wp-json\/wp\/v2\/media\/1947"}],"wp:attachment":[{"href":"https:\/\/jornalaquinoticias.com.br\/index.php\/wp-json\/wp\/v2\/media?parent=1946"}],"wp:term":[{"taxonomy":"category","embeddable":true,"href":"https:\/\/jornalaquinoticias.com.br\/index.php\/wp-json\/wp\/v2\/categories?post=1946"},{"taxonomy":"post_tag","embeddable":true,"href":"https:\/\/jornalaquinoticias.com.br\/index.php\/wp-json\/wp\/v2\/tags?post=1946"}],"curies":[{"name":"wp","href":"https:\/\/api.w.org\/{rel}","templated":true}]}}