{"id":1953,"date":"2026-09-03T11:33:04","date_gmt":"2026-09-03T14:33:04","guid":{"rendered":"https:\/\/jornalaquinoticias.com.br\/?p=1953"},"modified":"2026-09-03T11:33:05","modified_gmt":"2026-09-03T14:33:05","slug":"feriado-de-7-de-setembro-shoppings-de-bh-tem-funcionamento-especial","status":"publish","type":"post","link":"https:\/\/jornalaquinoticias.com.br\/index.php\/2026\/09\/03\/feriado-de-7-de-setembro-shoppings-de-bh-tem-funcionamento-especial\/","title":{"rendered":"Feriado de 7 de Setembro: shoppings de BH t\u00eam funcionamento especial"},"content":{"rendered":"\n<h6 class=\"wp-block-heading\">Foto: Shopping Del Rey\/Divulga\u00e7\u00e3o<\/h6>\n\n\n\n<p class=\"wp-block-paragraph\">O feriado de 7 de Setembro, que celebra a Independ\u00eancia do Brasil, ser\u00e1 uma oportunidade para os mineiros aproveitarem o dia de descanso. Os shoppings de Belo Horizonte ter\u00e3o funcionamento especial na segunda-feira (7), permitindo que os consumidores conciliem compras, gastronomia e momentos de lazer. Al\u00e9m das lojas, os empreendimentos oferecem op\u00e7\u00f5es de entretenimento para diferentes p\u00fablicos, como cinemas, espa\u00e7os de divers\u00e3o e atividades para toda a fam\u00edlia. Confira o funcionamento dos empreendimentos:<\/p>\n\n\n\n<p class=\"wp-block-paragraph\"><strong>BOULEVARD SHOPPING<\/strong><br>Lojas e quiosques: 14h \u00e0s 20h<br>Alimenta\u00e7\u00e3o: 11h \u00e0s 21h<br>Restaurantes: 11h \u00e0s 22h<br>Drogaria Ara\u00fajo: 9h \u00e0s 23h<br>Droga Raia: 8h \u00e0s 21h<br>Carrefour: 8h \u00e0s 21h<br>Cinema: funcionamento conforme programa\u00e7\u00e3o<\/p>\n\n\n\n<p class=\"wp-block-paragraph\"><strong>SHOPPING CIDADE<\/strong><br>Lojas e quiosques: 10h \u00e0s 16h<br>Pra\u00e7a de Alimenta\u00e7\u00e3o: 11h \u00e0s 21h<br>Cinema: conforme programa\u00e7\u00e3o do Cineart<\/p>\n\n\n\n<p class=\"wp-block-paragraph\"><strong>SHOPPING DEL REY<\/strong><br>Lojas e quiosques: 14h \u00e0s 20h Alimenta\u00e7\u00e3o: 11h \u00e0s 22h Supernosso: 8h \u00e0s 21h Drogaria Araujo: 8h \u00e0s 22h Droga Raia: 9h \u00e0s 22h<br>Cinema: conforme programa\u00e7\u00e3o do Cineart BoliXe: 10h \u00e0s 1h<br>Smart Fit: 8h \u00e0s 17h<\/p>\n\n\n\n<p class=\"wp-block-paragraph\"><strong>SHOPPING ESTA\u00c7\u00c3O BH<\/strong><br>Lojas e quiosques: 14h \u00e0s 20h Alimenta\u00e7\u00e3o: 11h \u00e0s 21h<br>EPA: 8h \u00e0s 20h<br>Farm\u00e1cia: 8h \u00e0s 21h<br>Cinema: conforme programa\u00e7\u00e3o do Cineart Lazer: 10h \u00e0s 21h<br>Smart Fit: 8h \u00e0s 17h<\/p>\n\n\n\n<p class=\"wp-block-paragraph\"><strong>PORTAL AUTO SHOPPING<\/strong><br>Hor\u00e1rio: 9h \u00e0s 13h<\/p>\n\n\n\n<p class=\"wp-block-paragraph\"><strong>VIA SHOPPING BARREIRO<\/strong><br>Lojas e quiosques &#8211; 14h \u00e0s 20h<br>Pra\u00e7a de alimenta\u00e7\u00e3o &#8211; 11h \u00e0s 22h<br>Supermercados BH &#8211; 07h30 \u00e0s 19h<br>Drogaria Ara\u00fajo &#8211; 11h \u00e0s 22h<\/p>\n\n\n\n<p class=\"wp-block-paragraph\"><strong>UAI &#8211; Fechado<\/strong><br>Cart\u00f3rio &#8211; 8h \u00e0s 12h (plant\u00e3o apenas para registro de nascimentos e \u00f3bitos)<br>Smartfit &#8211; 08 \u00e0s 17h<br>Rede Farma &#8211; a definir<\/p>\n","protected":false},"excerpt":{"rendered":"<p>Foto: Shopping Del Rey\/Divulga\u00e7\u00e3o O feriado de 7 de Setembro, que celebra a Independ\u00eancia do Brasil, ser\u00e1 uma oportunidade para os mineiros aproveitarem o dia de descanso. Os shoppings de Belo Horizonte ter\u00e3o funcionamento especial na segunda-feira (7), permitindo que os consumidores conciliem compras, gastronomia e momentos de lazer. Al\u00e9m das lojas, os empreendimentos oferecem [&hellip;]<\/p>\n","protected":false},"author":3,"featured_media":1954,"comment_status":"open","ping_status":"open","sticky":false,"template":"","format":"standard","meta":{"footnotes":""},"categories":[5],"tags":[],"class_list":["post-1953","post","type-post","status-publish","format-standard","has-post-thumbnail","hentry","category-cidade"],"_links":{"self":[{"href":"https:\/\/jornalaquinoticias.com.br\/index.php\/wp-json\/wp\/v2\/posts\/1953","targetHints":{"allow":["GET"]}}],"collection":[{"href":"https:\/\/jornalaquinoticias.com.br\/index.php\/wp-json\/wp\/v2\/posts"}],"about":[{"href":"https:\/\/jornalaquinoticias.com.br\/index.php\/wp-json\/wp\/v2\/types\/post"}],"author":[{"embeddable":true,"href":"https:\/\/jornalaquinoticias.com.br\/index.php\/wp-json\/wp\/v2\/users\/3"}],"replies":[{"embeddable":true,"href":"https:\/\/jornalaquinoticias.com.br\/index.php\/wp-json\/wp\/v2\/comments?post=1953"}],"version-history":[{"count":1,"href":"https:\/\/jornalaquinoticias.com.br\/index.php\/wp-json\/wp\/v2\/posts\/1953\/revisions"}],"predecessor-version":[{"id":1955,"href":"https:\/\/jornalaquinoticias.com.br\/index.php\/wp-json\/wp\/v2\/posts\/1953\/revisions\/1955"}],"wp:featuredmedia":[{"embeddable":true,"href":"https:\/\/jornalaquinoticias.com.br\/index.php\/wp-json\/wp\/v2\/media\/1954"}],"wp:attachment":[{"href":"https:\/\/jornalaquinoticias.com.br\/index.php\/wp-json\/wp\/v2\/media?parent=1953"}],"wp:term":[{"taxonomy":"category","embeddable":true,"href":"https:\/\/jornalaquinoticias.com.br\/index.php\/wp-json\/wp\/v2\/categories?post=1953"},{"taxonomy":"post_tag","embeddable":true,"href":"https:\/\/jornalaquinoticias.com.br\/index.php\/wp-json\/wp\/v2\/tags?post=1953"}],"curies":[{"name":"wp","href":"https:\/\/api.w.org\/{rel}","templated":true}]}}