{"id":1956,"date":"2026-09-04T09:23:04","date_gmt":"2026-09-04T12:23:04","guid":{"rendered":"https:\/\/jornalaquinoticias.com.br\/?p=1956"},"modified":"2026-09-04T09:23:04","modified_gmt":"2026-09-04T12:23:04","slug":"livro-infantil-pote-das-preoucupacoes","status":"publish","type":"post","link":"https:\/\/jornalaquinoticias.com.br\/index.php\/2026\/09\/04\/livro-infantil-pote-das-preoucupacoes\/","title":{"rendered":"Livro infantil Pote das Preoucupa\u00e7\u00f5es"},"content":{"rendered":"\n<p class=\"wp-block-paragraph\">As preocupa\u00e7\u00f5es fazem parte da vida, inclusive durante a inf\u00e2ncia. Medos relacionados \u00e0 escola, ao escuro e at\u00e9 mesmo a situa\u00e7\u00f5es que ainda n\u00e3o aconteceram podem provocar inseguran\u00e7a e ansiedade nas crian\u00e7as. \u00c9 justamente sobre esse universo emocional que trata o livro infantil \u201cPote das Preocupa\u00e7\u00f5es\u201d, da autora Sofie M\u00e9ndez, publicado pela Colli Books Editora.<\/p>\n\n\n\n<p class=\"wp-block-paragraph\">A obra apresenta a hist\u00f3ria de Lia, uma menina curiosa que, em determinados momentos, sente o cora\u00e7\u00e3o apertado quando as preocupa\u00e7\u00f5es come\u00e7am a surgir. Entre os medos e pensamentos que ocupam sua mente est\u00e3o situa\u00e7\u00f5es do cotidiano, como os desafios da escola, o medo do escuro e acontecimentos que ela sequer sabe se realmente ir\u00e3o acontecer.<\/p>\n\n\n\n<p class=\"wp-block-paragraph\">Ao conversar com sua av\u00f3, Lia aprende uma ideia especial para lidar com aquilo que est\u00e1 sentindo. Sempre que uma preocupa\u00e7\u00e3o surgir, ela pode desenh\u00e1-la, escrever sobre ela, dobrar o papel e guard\u00e1-lo em um pote das preocupa\u00e7\u00f5es.<\/p>\n\n\n\n<p class=\"wp-block-paragraph\">Ela passa a transformar sentimentos abstratos em algo que pode ser reconhecido e colocado para fora. Aos poucos, Lia percebe que, quando compartilha simbolicamente seus medos e os guarda no pote, eles parecem menores e mais f\u00e1ceis de compreender.<\/p>\n\n\n\n<p class=\"wp-block-paragraph\"><strong>Literatura infantil como ferramenta para o di\u00e1logo<\/strong><\/p>\n\n\n\n<p class=\"wp-block-paragraph\">Com uma narrativa delicada e acess\u00edvel ao p\u00fablico infantil, \u201cPote das Preocupa\u00e7\u00f5es\u201d convida crian\u00e7as e fam\u00edlias a conversarem sobre emo\u00e7\u00f5es que, muitas vezes, s\u00e3o dif\u00edceis de explicar.<\/p>\n\n\n\n<p class=\"wp-block-paragraph\">A hist\u00f3ria refor\u00e7a uma mensagem importante: as preocupa\u00e7\u00f5es existem e fazem parte da vida, mas n\u00e3o precisam permanecer guardadas no cora\u00e7\u00e3o. Falar sobre sentimentos, compartilhar medos e buscar formas saud\u00e1veis de expressar aquilo que se sente pode tornar os momentos dif\u00edceis mais leves.<\/p>\n\n\n\n<p class=\"wp-block-paragraph\">A obra de Sofie M\u00e9ndez se apresenta como uma leitura voltada n\u00e3o apenas ao entretenimento, mas tamb\u00e9m \u00e0 reflex\u00e3o e ao fortalecimento do di\u00e1logo entre crian\u00e7as, fam\u00edlias, educadores e respons\u00e1veis.<\/p>\n\n\n\n<p class=\"wp-block-paragraph\">Para mais informa\u00e7\u00f5es acessem&nbsp;<a href=\"http:\/\/www.collibooks.com\/\">www.collibooks.com<\/a><\/p>\n","protected":false},"excerpt":{"rendered":"<p>As preocupa\u00e7\u00f5es fazem parte da vida, inclusive durante a inf\u00e2ncia. Medos relacionados \u00e0 escola, ao escuro e at\u00e9 mesmo a situa\u00e7\u00f5es que ainda n\u00e3o aconteceram podem provocar inseguran\u00e7a e ansiedade nas crian\u00e7as. \u00c9 justamente sobre esse universo emocional que trata o livro infantil \u201cPote das Preocupa\u00e7\u00f5es\u201d, da autora Sofie M\u00e9ndez, publicado pela Colli Books Editora. [&hellip;]<\/p>\n","protected":false},"author":3,"featured_media":1957,"comment_status":"open","ping_status":"open","sticky":false,"template":"","format":"standard","meta":{"footnotes":""},"categories":[3],"tags":[],"class_list":["post-1956","post","type-post","status-publish","format-standard","has-post-thumbnail","hentry","category-geral"],"_links":{"self":[{"href":"https:\/\/jornalaquinoticias.com.br\/index.php\/wp-json\/wp\/v2\/posts\/1956","targetHints":{"allow":["GET"]}}],"collection":[{"href":"https:\/\/jornalaquinoticias.com.br\/index.php\/wp-json\/wp\/v2\/posts"}],"about":[{"href":"https:\/\/jornalaquinoticias.com.br\/index.php\/wp-json\/wp\/v2\/types\/post"}],"author":[{"embeddable":true,"href":"https:\/\/jornalaquinoticias.com.br\/index.php\/wp-json\/wp\/v2\/users\/3"}],"replies":[{"embeddable":true,"href":"https:\/\/jornalaquinoticias.com.br\/index.php\/wp-json\/wp\/v2\/comments?post=1956"}],"version-history":[{"count":1,"href":"https:\/\/jornalaquinoticias.com.br\/index.php\/wp-json\/wp\/v2\/posts\/1956\/revisions"}],"predecessor-version":[{"id":1958,"href":"https:\/\/jornalaquinoticias.com.br\/index.php\/wp-json\/wp\/v2\/posts\/1956\/revisions\/1958"}],"wp:featuredmedia":[{"embeddable":true,"href":"https:\/\/jornalaquinoticias.com.br\/index.php\/wp-json\/wp\/v2\/media\/1957"}],"wp:attachment":[{"href":"https:\/\/jornalaquinoticias.com.br\/index.php\/wp-json\/wp\/v2\/media?parent=1956"}],"wp:term":[{"taxonomy":"category","embeddable":true,"href":"https:\/\/jornalaquinoticias.com.br\/index.php\/wp-json\/wp\/v2\/categories?post=1956"},{"taxonomy":"post_tag","embeddable":true,"href":"https:\/\/jornalaquinoticias.com.br\/index.php\/wp-json\/wp\/v2\/tags?post=1956"}],"curies":[{"name":"wp","href":"https:\/\/api.w.org\/{rel}","templated":true}]}}