{"id":1959,"date":"2026-09-04T09:24:38","date_gmt":"2026-09-04T12:24:38","guid":{"rendered":"https:\/\/jornalaquinoticias.com.br\/?p=1959"},"modified":"2026-09-04T09:24:38","modified_gmt":"2026-09-04T12:24:38","slug":"fashion-mall-vive-novo-momento-com-programacao-de-experiencias-e-eventos","status":"publish","type":"post","link":"https:\/\/jornalaquinoticias.com.br\/index.php\/2026\/09\/04\/fashion-mall-vive-novo-momento-com-programacao-de-experiencias-e-eventos\/","title":{"rendered":"Fashion Mall vive novo momento com programa\u00e7\u00e3o de experi\u00eancias e eventos"},"content":{"rendered":"\n<p class=\"wp-block-paragraph\">Com localiza\u00e7\u00e3o privilegiada em S\u00e3o Conrado e uma trajet\u00f3ria ligada \u00e0 moda e ao lifestyle carioca desde sua inaugura\u00e7\u00e3o, em 1982, o Fashion Mall mant\u00e9m uma agenda ativa de iniciativas que renovam sua rela\u00e7\u00e3o com o p\u00fablico sem&nbsp;abrir m\u00e3o de&nbsp;sua identidade. O movimento amplia a voca\u00e7\u00e3o do shopping para al\u00e9m do varejo, fortalecendo seu papel como espa\u00e7o de conviv\u00eancia, cultura, gastronomia e lifestyle carioca.<\/p>\n\n\n\n<p class=\"wp-block-paragraph\">Nos \u00faltimos anos, o shopping recebeu uma programa\u00e7\u00e3o diversificada, com eventos como a mostra de arquitetura e design CASACOR Rio, o Gastronomia Sem Fronteiras, que re\u00fane gastronomia, cultura e entretenimento, e o Moda Prime Off, que concentrou ofertas de mais de 40 grandes marcas.<\/p>\n\n\n\n<p class=\"wp-block-paragraph\">A movimenta\u00e7\u00e3o tamb\u00e9m se reflete no desempenho das opera\u00e7\u00f5es. Em per\u00edodos de grandes eventos, o incremento m\u00e9dio nas vendas dos lojistas supera 25%, com picos expressivos em segmentos espec\u00edficos. A mais recente edi\u00e7\u00e3o do Moda Prime OFF 2026, por exemplo, registrou aumento de 88% no fluxo de ve\u00edculos comparado a 2025, com desempenho comercial 89% superior nos restaurantes, 25% nos quiosques e at\u00e9 42% nas lojas.&nbsp;<\/p>\n\n\n\n<p class=\"wp-block-paragraph\">Os resultados refor\u00e7am o impacto da programa\u00e7\u00e3o na atra\u00e7\u00e3o e perman\u00eancia de p\u00fablico no empreendimento.<\/p>\n\n\n\n<p class=\"wp-block-paragraph\">A agenda de eventos, ativa\u00e7\u00f5es e novas experi\u00eancias integra uma estrat\u00e9gia cont\u00ednua de atualiza\u00e7\u00e3o do Fashion Mall, que acompanha as transforma\u00e7\u00f5es no comportamento do consumidor e a evolu\u00e7\u00e3o do conceito de shopping center. O objetivo \u00e9 manter o empreendimento conectado ao p\u00fablico, valorizando sua identidade e ampliando as possibilidades de experi\u00eancia para quem frequenta o&nbsp;espa\u00e7o.<\/p>\n","protected":false},"excerpt":{"rendered":"<p>Com localiza\u00e7\u00e3o privilegiada em S\u00e3o Conrado e uma trajet\u00f3ria ligada \u00e0 moda e ao lifestyle carioca desde sua inaugura\u00e7\u00e3o, em 1982, o Fashion Mall mant\u00e9m uma agenda ativa de iniciativas que renovam sua rela\u00e7\u00e3o com o p\u00fablico sem&nbsp;abrir m\u00e3o de&nbsp;sua identidade. O movimento amplia a voca\u00e7\u00e3o do shopping para al\u00e9m do varejo, fortalecendo seu papel [&hellip;]<\/p>\n","protected":false},"author":3,"featured_media":1960,"comment_status":"open","ping_status":"open","sticky":false,"template":"","format":"standard","meta":{"footnotes":""},"categories":[7],"tags":[],"class_list":["post-1959","post","type-post","status-publish","format-standard","has-post-thumbnail","hentry","category-brasil"],"_links":{"self":[{"href":"https:\/\/jornalaquinoticias.com.br\/index.php\/wp-json\/wp\/v2\/posts\/1959","targetHints":{"allow":["GET"]}}],"collection":[{"href":"https:\/\/jornalaquinoticias.com.br\/index.php\/wp-json\/wp\/v2\/posts"}],"about":[{"href":"https:\/\/jornalaquinoticias.com.br\/index.php\/wp-json\/wp\/v2\/types\/post"}],"author":[{"embeddable":true,"href":"https:\/\/jornalaquinoticias.com.br\/index.php\/wp-json\/wp\/v2\/users\/3"}],"replies":[{"embeddable":true,"href":"https:\/\/jornalaquinoticias.com.br\/index.php\/wp-json\/wp\/v2\/comments?post=1959"}],"version-history":[{"count":1,"href":"https:\/\/jornalaquinoticias.com.br\/index.php\/wp-json\/wp\/v2\/posts\/1959\/revisions"}],"predecessor-version":[{"id":1961,"href":"https:\/\/jornalaquinoticias.com.br\/index.php\/wp-json\/wp\/v2\/posts\/1959\/revisions\/1961"}],"wp:featuredmedia":[{"embeddable":true,"href":"https:\/\/jornalaquinoticias.com.br\/index.php\/wp-json\/wp\/v2\/media\/1960"}],"wp:attachment":[{"href":"https:\/\/jornalaquinoticias.com.br\/index.php\/wp-json\/wp\/v2\/media?parent=1959"}],"wp:term":[{"taxonomy":"category","embeddable":true,"href":"https:\/\/jornalaquinoticias.com.br\/index.php\/wp-json\/wp\/v2\/categories?post=1959"},{"taxonomy":"post_tag","embeddable":true,"href":"https:\/\/jornalaquinoticias.com.br\/index.php\/wp-json\/wp\/v2\/tags?post=1959"}],"curies":[{"name":"wp","href":"https:\/\/api.w.org\/{rel}","templated":true}]}}