{"id":1962,"date":"2026-09-04T17:21:00","date_gmt":"2026-09-04T20:21:00","guid":{"rendered":"https:\/\/jornalaquinoticias.com.br\/?p=1962"},"modified":"2026-09-04T18:03:24","modified_gmt":"2026-09-04T21:03:24","slug":"feriadao-da-independencia-tera-tres-dias-de-musica-gastronomia-e-diversao-na-avenida-saramenha-no-bairro-guarani","status":"publish","type":"post","link":"https:\/\/jornalaquinoticias.com.br\/index.php\/2026\/09\/04\/feriadao-da-independencia-tera-tres-dias-de-musica-gastronomia-e-diversao-na-avenida-saramenha-no-bairro-guarani\/","title":{"rendered":"Feriad\u00e3o da Independ\u00eancia ter\u00e1 tr\u00eas dias de m\u00fasica, gastronomia e divers\u00e3o na Avenida Saramenha, no Bairro Guarani"},"content":{"rendered":"\n<p class=\"wp-block-paragraph\">Festival da Independ\u00eancia \u2013 Samba Rock re\u00fane shows, tributos a grandes nomes do rock, samba, gastronomia e atra\u00e7\u00f5es para toda a fam\u00edlia entre os dias 5 e 7 de setembro<\/p>\n\n\n\n<p class=\"wp-block-paragraph\">Para quem ainda n\u00e3o sabe o que fazer no feriad\u00e3o da Independ\u00eancia, a Avenida Saramenha ser\u00e1 palco de uma programa\u00e7\u00e3o especial entre os dias 5 e 7 de setembro. O Festival da Independ\u00eancia \u2013 Samba Rock chega com tr\u00eas dias de m\u00fasica, gastronomia e entretenimento, reunindo atra\u00e7\u00f5es para diferentes p\u00fablicos e criando uma op\u00e7\u00e3o de lazer para aproveitar o fim de semana prolongado com a fam\u00edlia e os amigos.<\/p>\n\n\n\n<p class=\"wp-block-paragraph\">A programa\u00e7\u00e3o come\u00e7a no s\u00e1bado, dia 5, a partir das 15h, com Jovi Brasil, em um tributo a Bon Jovi. Na sequ\u00eancia, \u00e0s 17h, ser\u00e1 a vez de Jeremy, com homenagem ao Pearl Jam, seguido pela banda Putz Grilla, \u00e0s 18h.<\/p>\n\n\n\n<p class=\"wp-block-paragraph\">No domingo, dia 6, a programa\u00e7\u00e3o come\u00e7a \u00e0s 15h com Marina Rosa, do projeto Crian\u00e7a que Canta e Dan\u00e7a. \u00c0s 15h30, o Kid Mais 80 apresenta um tributo ao Kid Abelha. A agenda musical segue \u00e0s 17h com The Wall, em homenagem ao Pink Floyd, e termina \u00e0s 20h com Trem das Sete, tributo a Raul Seixas.<\/p>\n\n\n\n<p class=\"wp-block-paragraph\">Na segunda-feira, dia 7, feriado da Independ\u00eancia do Brasil, o p\u00fablico poder\u00e1 aproveitar uma programa\u00e7\u00e3o que mistura samba e rock. A partir das 15h, se apresentam Resenha de Mesa, Don Jujuh e BH Samba. Para encerrar o festival, \u00e0s 19h30, Urbana 2 sobe ao palco para fechar a programa\u00e7\u00e3o com muito rock.<\/p>\n\n\n\n<p class=\"wp-block-paragraph\">Al\u00e9m dos shows, o festival contar\u00e1 com Espa\u00e7o Kids, Espa\u00e7o Pet e pra\u00e7a de alimenta\u00e7\u00e3o, oferecendo uma estrutura pensada para receber fam\u00edlias e grupos de amigos durante os tr\u00eas dias de evento. A gastronomia tamb\u00e9m ser\u00e1 um dos destaques, com cerca de 25 op\u00e7\u00f5es de alimenta\u00e7\u00e3o, incluindo macarr\u00e3o na chapa, festival de sushi, hamb\u00fargueres, hot dogs, pizzas, por\u00e7\u00f5es e petiscos, carnes e churrasco, lanches variados, doces, sobremesas e bebidas.<\/p>\n\n\n\n<p class=\"wp-block-paragraph\">Com entrada gratuita e uma programa\u00e7\u00e3o que combina m\u00fasica, gastronomia e lazer, o Festival da Independ\u00eancia \u2013 Samba Rock se apresenta como uma op\u00e7\u00e3o para quem busca aproveitar o feriado prolongado em Belo Horizonte com atra\u00e7\u00f5es para todas as idades.<\/p>\n\n\n\n<p class=\"wp-block-paragraph\">O evento ser\u00e1 realizado na Rua Anna Maria de Jesus, esquina com a Avenida Saramenha, atr\u00e1s do Condom\u00ednio Residencial Maria Stella. A realiza\u00e7\u00e3o conta com patroc\u00ednio de Minasloc e Primeira Chama G\u00e1s.<br><br>Cr\u00e9dito: Divulga\u00e7\u00e3o<\/p>\n","protected":false},"excerpt":{"rendered":"<p>Festival da Independ\u00eancia \u2013 Samba Rock re\u00fane shows, tributos a grandes nomes do rock, samba, gastronomia e atra\u00e7\u00f5es para toda a fam\u00edlia entre os dias 5 e 7 de setembro Para quem ainda n\u00e3o sabe o que fazer no feriad\u00e3o da Independ\u00eancia, a Avenida Saramenha ser\u00e1 palco de uma programa\u00e7\u00e3o especial entre os dias 5 [&hellip;]<\/p>\n","protected":false},"author":2,"featured_media":1963,"comment_status":"open","ping_status":"open","sticky":false,"template":"","format":"standard","meta":{"footnotes":""},"categories":[1],"tags":[],"class_list":["post-1962","post","type-post","status-publish","format-standard","has-post-thumbnail","hentry","category-sem-categoria"],"_links":{"self":[{"href":"https:\/\/jornalaquinoticias.com.br\/index.php\/wp-json\/wp\/v2\/posts\/1962","targetHints":{"allow":["GET"]}}],"collection":[{"href":"https:\/\/jornalaquinoticias.com.br\/index.php\/wp-json\/wp\/v2\/posts"}],"about":[{"href":"https:\/\/jornalaquinoticias.com.br\/index.php\/wp-json\/wp\/v2\/types\/post"}],"author":[{"embeddable":true,"href":"https:\/\/jornalaquinoticias.com.br\/index.php\/wp-json\/wp\/v2\/users\/2"}],"replies":[{"embeddable":true,"href":"https:\/\/jornalaquinoticias.com.br\/index.php\/wp-json\/wp\/v2\/comments?post=1962"}],"version-history":[{"count":1,"href":"https:\/\/jornalaquinoticias.com.br\/index.php\/wp-json\/wp\/v2\/posts\/1962\/revisions"}],"predecessor-version":[{"id":1964,"href":"https:\/\/jornalaquinoticias.com.br\/index.php\/wp-json\/wp\/v2\/posts\/1962\/revisions\/1964"}],"wp:featuredmedia":[{"embeddable":true,"href":"https:\/\/jornalaquinoticias.com.br\/index.php\/wp-json\/wp\/v2\/media\/1963"}],"wp:attachment":[{"href":"https:\/\/jornalaquinoticias.com.br\/index.php\/wp-json\/wp\/v2\/media?parent=1962"}],"wp:term":[{"taxonomy":"category","embeddable":true,"href":"https:\/\/jornalaquinoticias.com.br\/index.php\/wp-json\/wp\/v2\/categories?post=1962"},{"taxonomy":"post_tag","embeddable":true,"href":"https:\/\/jornalaquinoticias.com.br\/index.php\/wp-json\/wp\/v2\/tags?post=1962"}],"curies":[{"name":"wp","href":"https:\/\/api.w.org\/{rel}","templated":true}]}}