{"id":930,"date":"2026-03-11T10:59:47","date_gmt":"2026-03-11T13:59:47","guid":{"rendered":"https:\/\/jornalaquinoticias.com.br\/?p=930"},"modified":"2026-03-11T10:59:47","modified_gmt":"2026-03-11T13:59:47","slug":"saude-suplementar-registra-leve-retracao-no-inicio-de-2026","status":"publish","type":"post","link":"https:\/\/jornalaquinoticias.com.br\/index.php\/2026\/03\/11\/saude-suplementar-registra-leve-retracao-no-inicio-de-2026\/","title":{"rendered":"Sa\u00fade suplementar registra leve retra\u00e7\u00e3o no in\u00edcio de 2026"},"content":{"rendered":"\n<h3 class=\"wp-block-heading\"><em>Dados da ANS mostram 52,9 milh\u00f5es de v\u00ednculos em planos m\u00e9dicos; especialista explica impacto para o SUS e orienta consumidores sobre cancelamento de contratos<\/em><\/h3>\n\n\n\n<p>O n\u00famero de benefici\u00e1rios de planos de assist\u00eancia m\u00e9dica no Brasil registrou leve retra\u00e7\u00e3o em janeiro de 2026. Dados divulgados pela Ag\u00eancia Nacional de Sa\u00fade Suplementar (ANS) indicam que o setor encerrou o m\u00eas com 52.996.625 v\u00ednculos ativos, queda de 0,17% em rela\u00e7\u00e3o a dezembro. O recuo representa redu\u00e7\u00e3o de 91.359 benefici\u00e1rios no per\u00edodo. Na compara\u00e7\u00e3o com janeiro de 2025, por\u00e9m, o segmento mant\u00e9m trajet\u00f3ria de crescimento, com aumento de pouco mais de 1 milh\u00e3o de v\u00ednculos em 12 meses.<\/p>\n\n\n\n<p>Nos planos exclusivamente odontol\u00f3gicos, o movimento foi semelhante. O total de benefici\u00e1rios chegou a 35.487.403 em janeiro, com redu\u00e7\u00e3o mensal de 22.755 v\u00ednculos. Em rela\u00e7\u00e3o ao mesmo m\u00eas do ano anterior, o segmento registrou expans\u00e3o de cerca de 1,1 milh\u00e3o de benefici\u00e1rios. A maior parte dos contratos permanece vinculada a empresas. Nos planos m\u00e9dico-hospitalares, os coletivos empresariais concentram cerca de 73% dos v\u00ednculos, enquanto os contratos individuais ou familiares respondem por aproximadamente 16%. Nos planos odontol\u00f3gicos, a participa\u00e7\u00e3o dos contratos empresariais tamb\u00e9m predomina, com cerca de 74,9%.<\/p>\n\n\n\n<p>Para o advogado especialista em direito de sa\u00fade e direito p\u00fablico&nbsp;<a href=\"https:\/\/ferreiracruzadvogados.com.br\/\" target=\"_blank\" rel=\"noreferrer noopener\">Thayan Fernando Ferreira<\/a>, as oscila\u00e7\u00f5es mensais fazem parte da din\u00e2mica do setor e costumam refletir fatores econ\u00f4micos, como varia\u00e7\u00f5es no emprego formal e ajustes contratuais nas empresas. \u201cA sa\u00fade suplementar exerce papel importante no sistema de sa\u00fade brasileiro. Ao absorver parte significativa da demanda por consultas, exames e interna\u00e7\u00f5es, os planos privados contribuem para reduzir a press\u00e3o sobre o Sistema \u00danico de Sa\u00fade (SUS)\u201d, afirma.<\/p>\n\n\n\n<p>Thayan, que tamb\u00e9m \u00e9 membro da Comiss\u00e3o de Direito M\u00e9dico da OAB-MG e diretor do escrit\u00f3rio Ferreira Cruz Advogados, ainda esclarece que esse efeito indireto sobre o sistema p\u00fablico torna o setor estrat\u00e9gico. \u201cQuando mais de 50 milh\u00f5es de v\u00ednculos est\u00e3o na sa\u00fade suplementar, h\u00e1 um impacto concreto na distribui\u00e7\u00e3o da demanda assistencial. Sem essa rede privada, o SUS enfrentaria uma sobrecarga ainda maior\u201d, diz.<\/p>\n\n\n\n<p>O advogado tamb\u00e9m chama aten\u00e7\u00e3o para a necessidade de cautela nos cancelamentos de contratos. Em momentos de dificuldade financeira ou mudan\u00e7a de emprego, muitos consumidores optam por encerrar o plano sem observar procedimentos formais. \u201cO distrato precisa ser feito de forma documentada, preferencialmente por canais oficiais da operadora, como aplicativo, central de atendimento ou protocolo escrito. Isso evita cobran\u00e7as indevidas e garante a comprova\u00e7\u00e3o do pedido de cancelamento\u201d, explica.<\/p>\n\n\n\n<p>No fim das contas ainda que o benefici\u00e1rio verifique prazos contratuais, eventuais multas e a data efetiva de encerramento do v\u00ednculo. \u201cO consumidor deve guardar o n\u00famero de protocolo e solicitar confirma\u00e7\u00e3o por escrito. Esse cuidado simples reduz o risco de lit\u00edgios futuros e assegura que o cancelamento seja processado corretamente\u201d, afirma.<\/p>\n\n\n\n<p>Em termos comparativos, ainda que o arranjo brasileiro atenda um quarto da popula\u00e7\u00e3o, mesmo depois do corte, esse escopo difere tanto do modelo europeu quanto do norte-americano. Nos Estados Unidos, cerca de 92% da popula\u00e7\u00e3o possui algum tipo de cobertura de sa\u00fade, com predomin\u00e2ncia de seguros privados vinculados ao emprego ou a programas p\u00fablicos espec\u00edficos. J\u00e1 na maior parte da Europa, o acesso b\u00e1sico \u00e9 garantido por sistemas universais financiados pelo Estado, enquanto seguros privados funcionam majoritariamente como cobertura complementar ou para reduzir filas de atendimento.<\/p>\n","protected":false},"excerpt":{"rendered":"<p>Dados da ANS mostram 52,9 milh\u00f5es de v\u00ednculos em planos m\u00e9dicos; especialista explica impacto para o SUS e orienta consumidores sobre cancelamento de contratos O n\u00famero de benefici\u00e1rios de planos de assist\u00eancia m\u00e9dica no Brasil registrou leve retra\u00e7\u00e3o em janeiro de 2026. Dados divulgados pela Ag\u00eancia Nacional de Sa\u00fade Suplementar (ANS) indicam que o setor [&hellip;]<\/p>\n","protected":false},"author":1,"featured_media":931,"comment_status":"open","ping_status":"open","sticky":false,"template":"","format":"standard","meta":{"footnotes":""},"categories":[5],"tags":[],"class_list":["post-930","post","type-post","status-publish","format-standard","has-post-thumbnail","hentry","category-cidade"],"_links":{"self":[{"href":"https:\/\/jornalaquinoticias.com.br\/index.php\/wp-json\/wp\/v2\/posts\/930","targetHints":{"allow":["GET"]}}],"collection":[{"href":"https:\/\/jornalaquinoticias.com.br\/index.php\/wp-json\/wp\/v2\/posts"}],"about":[{"href":"https:\/\/jornalaquinoticias.com.br\/index.php\/wp-json\/wp\/v2\/types\/post"}],"author":[{"embeddable":true,"href":"https:\/\/jornalaquinoticias.com.br\/index.php\/wp-json\/wp\/v2\/users\/1"}],"replies":[{"embeddable":true,"href":"https:\/\/jornalaquinoticias.com.br\/index.php\/wp-json\/wp\/v2\/comments?post=930"}],"version-history":[{"count":1,"href":"https:\/\/jornalaquinoticias.com.br\/index.php\/wp-json\/wp\/v2\/posts\/930\/revisions"}],"predecessor-version":[{"id":932,"href":"https:\/\/jornalaquinoticias.com.br\/index.php\/wp-json\/wp\/v2\/posts\/930\/revisions\/932"}],"wp:featuredmedia":[{"embeddable":true,"href":"https:\/\/jornalaquinoticias.com.br\/index.php\/wp-json\/wp\/v2\/media\/931"}],"wp:attachment":[{"href":"https:\/\/jornalaquinoticias.com.br\/index.php\/wp-json\/wp\/v2\/media?parent=930"}],"wp:term":[{"taxonomy":"category","embeddable":true,"href":"https:\/\/jornalaquinoticias.com.br\/index.php\/wp-json\/wp\/v2\/categories?post=930"},{"taxonomy":"post_tag","embeddable":true,"href":"https:\/\/jornalaquinoticias.com.br\/index.php\/wp-json\/wp\/v2\/tags?post=930"}],"curies":[{"name":"wp","href":"https:\/\/api.w.org\/{rel}","templated":true}]}}